{"id":20347,"date":"2023-05-19T19:27:43","date_gmt":"2023-05-19T19:27:43","guid":{"rendered":"https:\/\/zupadobretici.ba\/?p=20347"},"modified":"2023-05-19T19:35:45","modified_gmt":"2023-05-19T19:35:45","slug":"sv-krizma-potvrda-u-nasoj-zupi","status":"publish","type":"post","link":"https:\/\/zupadobretici.ba\/en\/sv-krizma-potvrda-u-nasoj-zupi\/","title":{"rendered":"SV. KRIZMA-POTVRDA U NA\u0160OJ \u017dUPI"},"content":{"rendered":"<p>14. svibnja 2023. bio je veliki dan za na\u0161u malu zajednicu, ali drevnu \u017eupu Dobreti\u0107e.<\/p>\n\n\n\n<p>U 10 sati krizmanici, kumovi, roditelji, ministranti i \u017eupnik sve\u010dano su do\u010dekali vrhbosanskog nadbiskupa u miru Vinka kardinala Pulji\u0107a u crkvenom dvori\u0161tu; &nbsp;te su u procesiji skupa u\u0161li u crkvu gdje je kardinal kratko ispitao i pou\u010dio krizmanika o va\u017enosti sakramenata. Naglasio je da primanjem sakramenta sv. krizme, mladi preuzimaju na sebe du\u017enost potpuniji \u017eivjeti i \u0161iriti svoju vjeru.<\/p>\n\n\n\n<p>U 11 sati u crkvi sv. Ante Padovanskog, \u017eupnik je pozdravio kardinala, krizmanike i sve prisutne, te &nbsp;predstavio &nbsp;krizmanike, nakon \u010dega je kardinal zapo\u010deo sv. misno slavlje.<\/p>\n\n\n\n<p>Nakon kardinalove nadahnute propovijedi o va\u017enosti Duha Svetoga i njegovih darova, krizmanici su ispovijedili svoju vjeru, te pristupili primanju sakramenta potvrde.<\/p>\n\n\n\n<p>Kardinal je podijelio sakrament sv. potvrde ili krizme \u010detvorici mladi\u0107a i dvjema djevojkama (Matej Juri\u0161i\u0107 s Mila\u0161evaca, Leo, Matias, Mihael Pejazi\u0107 trojica bra\u0107e iz Ilinovi\u0107a koji \u017eive u \u0160vedskoj; Laura Filipovi\u0107 iz Pavlovi\u0107a, Laura Mladi\u0107 s Mila\u0161evaca).<\/p>\n\n\n\n<p>Dolazak iz Jajca i \u0160vedske po na\u0161e najve\u0107e svetinje-svete sakramente, dokaz je privr\u017eenosti i ljubavi \u010dak i na\u0161e mladosti prema rodnoj grudi i pougarskim korijenima.<\/p>\n\n\n\n<p>Na\u0161e krizmanike i svu na\u0161u mladost neka ispuni sila Duha Svetoga, i neka darovi Duha Svetoga budu vidljivi u njihovim \u017eivotima.<\/p>\n\n\n\n<figure class=\"wp-block-gallery has-nested-images columns-default is-cropped wp-block-gallery-1 is-layout-flex wp-block-gallery-is-layout-flex\">\n<figure class=\"wp-block-image size-large\"><img loading=\"lazy\" decoding=\"async\" width=\"1170\" height=\"694\" data-id=\"20352\" src=\"https:\/\/zupadobretici.ba\/wp-content\/uploads\/2023\/05\/20230514_103652-1170x694.jpg\" alt=\"\" class=\"wp-image-20352\" srcset=\"https:\/\/zupadobretici.ba\/wp-content\/uploads\/2023\/05\/20230514_103652-1170x694.jpg 1170w, https:\/\/zupadobretici.ba\/wp-content\/uploads\/2023\/05\/20230514_103652-768x456.jpg 768w\" sizes=\"auto, (max-width: 1170px) 100vw, 1170px\" \/><\/figure>\n\n\n\n<figure class=\"wp-block-image size-large\"><img loading=\"lazy\" decoding=\"async\" width=\"1170\" height=\"694\" data-id=\"20353\" src=\"https:\/\/zupadobretici.ba\/wp-content\/uploads\/2023\/05\/20230514_103709-1170x694.jpg\" alt=\"\" class=\"wp-image-20353\" srcset=\"https:\/\/zupadobretici.ba\/wp-content\/uploads\/2023\/05\/20230514_103709-1170x694.jpg 1170w, https:\/\/zupadobretici.ba\/wp-content\/uploads\/2023\/05\/20230514_103709-768x456.jpg 768w\" sizes=\"auto, (max-width: 1170px) 100vw, 1170px\" \/><\/figure>\n\n\n\n<figure class=\"wp-block-image size-large\"><img loading=\"lazy\" decoding=\"async\" width=\"1170\" height=\"694\" data-id=\"20351\" src=\"https:\/\/zupadobretici.ba\/wp-content\/uploads\/2023\/05\/20230514_103723-1170x694.jpg\" alt=\"\" class=\"wp-image-20351\" srcset=\"https:\/\/zupadobretici.ba\/wp-content\/uploads\/2023\/05\/20230514_103723-1170x694.jpg 1170w, https:\/\/zupadobretici.ba\/wp-content\/uploads\/2023\/05\/20230514_103723-768x456.jpg 768w\" sizes=\"auto, (max-width: 1170px) 100vw, 1170px\" \/><\/figure>\n\n\n\n<figure class=\"wp-block-image size-large\"><img loading=\"lazy\" decoding=\"async\" width=\"1024\" height=\"694\" data-id=\"20350\" src=\"https:\/\/zupadobretici.ba\/wp-content\/uploads\/2023\/05\/obnova-krsnih-obecanja-ispovijed-vjere-1024x694.jpg\" alt=\"\" class=\"wp-image-20350\" srcset=\"https:\/\/zupadobretici.ba\/wp-content\/uploads\/2023\/05\/obnova-krsnih-obecanja-ispovijed-vjere-1024x694.jpg 1024w, https:\/\/zupadobretici.ba\/wp-content\/uploads\/2023\/05\/obnova-krsnih-obecanja-ispovijed-vjere-16x12.jpg 16w\" sizes=\"auto, (max-width: 1024px) 100vw, 1024px\" \/><\/figure>\n\n\n\n<figure class=\"wp-block-image size-large\"><img loading=\"lazy\" decoding=\"async\" width=\"1024\" height=\"694\" data-id=\"20348\" src=\"https:\/\/zupadobretici.ba\/wp-content\/uploads\/2023\/05\/poklon-za-kardinala-1024x694.jpg\" alt=\"\" class=\"wp-image-20348\" srcset=\"https:\/\/zupadobretici.ba\/wp-content\/uploads\/2023\/05\/poklon-za-kardinala-1024x694.jpg 1024w, https:\/\/zupadobretici.ba\/wp-content\/uploads\/2023\/05\/poklon-za-kardinala-16x12.jpg 16w\" sizes=\"auto, (max-width: 1024px) 100vw, 1024px\" \/><\/figure>\n\n\n\n<figure class=\"wp-block-image size-large\"><img loading=\"lazy\" decoding=\"async\" width=\"1024\" height=\"694\" data-id=\"20349\" src=\"https:\/\/zupadobretici.ba\/wp-content\/uploads\/2023\/05\/prinos-darova-1024x694.jpg\" alt=\"\" class=\"wp-image-20349\" srcset=\"https:\/\/zupadobretici.ba\/wp-content\/uploads\/2023\/05\/prinos-darova-1024x694.jpg 1024w, https:\/\/zupadobretici.ba\/wp-content\/uploads\/2023\/05\/prinos-darova-16x12.jpg 16w\" sizes=\"auto, (max-width: 1024px) 100vw, 1024px\" \/><\/figure>\n<\/figure>\n\n\n\n<figure class=\"wp-block-gallery has-nested-images columns-default is-cropped wp-block-gallery-2 is-layout-flex wp-block-gallery-is-layout-flex\">\n<figure class=\"wp-block-image size-large\"><img loading=\"lazy\" decoding=\"async\" width=\"1024\" height=\"694\" data-id=\"20356\" src=\"https:\/\/zupadobretici.ba\/wp-content\/uploads\/2023\/05\/krizma-1024x694.jpg\" alt=\"\" class=\"wp-image-20356\" srcset=\"https:\/\/zupadobretici.ba\/wp-content\/uploads\/2023\/05\/krizma-1024x694.jpg 1024w, https:\/\/zupadobretici.ba\/wp-content\/uploads\/2023\/05\/krizma-16x12.jpg 16w\" sizes=\"auto, (max-width: 1024px) 100vw, 1024px\" \/><\/figure>\n\n\n\n<figure class=\"wp-block-image size-large\"><img loading=\"lazy\" decoding=\"async\" width=\"1024\" height=\"694\" data-id=\"20358\" src=\"https:\/\/zupadobretici.ba\/wp-content\/uploads\/2023\/05\/krizma1-1024x694.jpg\" alt=\"\" class=\"wp-image-20358\" srcset=\"https:\/\/zupadobretici.ba\/wp-content\/uploads\/2023\/05\/krizma1-1024x694.jpg 1024w, https:\/\/zupadobretici.ba\/wp-content\/uploads\/2023\/05\/krizma1-16x12.jpg 16w\" sizes=\"auto, (max-width: 1024px) 100vw, 1024px\" \/><\/figure>\n\n\n\n<figure class=\"wp-block-image size-large\"><img loading=\"lazy\" decoding=\"async\" width=\"1024\" height=\"694\" data-id=\"20357\" src=\"https:\/\/zupadobretici.ba\/wp-content\/uploads\/2023\/05\/krizmanici-1024x694.jpg\" alt=\"\" class=\"wp-image-20357\" srcset=\"https:\/\/zupadobretici.ba\/wp-content\/uploads\/2023\/05\/krizmanici-1024x694.jpg 1024w, https:\/\/zupadobretici.ba\/wp-content\/uploads\/2023\/05\/krizmanici-16x12.jpg 16w\" sizes=\"auto, (max-width: 1024px) 100vw, 1024px\" \/><\/figure>\n<\/figure>\n\n\n\n<figure class=\"wp-block-image size-large\"><img loading=\"lazy\" decoding=\"async\" width=\"1024\" height=\"694\" src=\"https:\/\/zupadobretici.ba\/wp-content\/uploads\/2023\/05\/dobretici-1024x694.jpg\" alt=\"\" class=\"wp-image-20361\" srcset=\"https:\/\/zupadobretici.ba\/wp-content\/uploads\/2023\/05\/dobretici-1024x694.jpg 1024w, https:\/\/zupadobretici.ba\/wp-content\/uploads\/2023\/05\/dobretici-16x12.jpg 16w\" sizes=\"auto, (max-width: 1024px) 100vw, 1024px\" \/><\/figure>","protected":false},"excerpt":{"rendered":"<p>14. svibnja 2023. bio je veliki dan za na\u0161u malu zajednicu, ali drevnu \u017eupu Dobreti\u0107e. U 10 sati krizmanici, kumovi, roditelji, ministranti i \u017eupnik sve\u010dano su do\u010dekali vrhbosanskog nadbiskupa u miru Vinka kardinala Pulji\u0107a u crkvenom dvori\u0161tu; &nbsp;te su u procesiji skupa u\u0161li u crkvu gdje je kardinal kratko ispitao i pou\u010dio krizmanika o va\u017enosti<\/p>","protected":false},"author":2450,"featured_media":20357,"comment_status":"open","ping_status":"open","sticky":false,"template":"","format":"standard","meta":{"footnotes":""},"categories":[1],"tags":[],"class_list":["post-20347","post","type-post","status-publish","format-standard","has-post-thumbnail","hentry","category-bezkategorije"],"yoast_head":"<!-- This site is optimized with the Yoast SEO plugin v25.9 - https:\/\/yoast.com\/wordpress\/plugins\/seo\/ -->\n<title>SV. KRIZMA-POTVRDA U NA\u0160OJ \u017dUPI - Zupa Dobretici<\/title>\n<meta name=\"robots\" content=\"index, follow, max-snippet:-1, max-image-preview:large, max-video-preview:-1\" \/>\n<link rel=\"canonical\" href=\"https:\/\/zupadobretici.ba\/en\/sv-krizma-potvrda-u-nasoj-zupi\/\" \/>\n<meta property=\"og:locale\" content=\"en_US\" \/>\n<meta property=\"og:type\" content=\"article\" \/>\n<meta property=\"og:title\" content=\"SV. KRIZMA-POTVRDA U NA\u0160OJ \u017dUPI - Zupa Dobretici\" \/>\n<meta property=\"og:description\" content=\"14. svibnja 2023. bio je veliki dan za na\u0161u malu zajednicu, ali drevnu \u017eupu Dobreti\u0107e. U 10 sati krizmanici, kumovi, roditelji, ministranti i \u017eupnik sve\u010dano su do\u010dekali vrhbosanskog nadbiskupa u miru Vinka kardinala Pulji\u0107a u crkvenom dvori\u0161tu; &nbsp;te su u procesiji skupa u\u0161li u crkvu gdje je kardinal kratko ispitao i pou\u010dio krizmanika o va\u017enosti\" \/>\n<meta property=\"og:url\" content=\"https:\/\/zupadobretici.ba\/en\/sv-krizma-potvrda-u-nasoj-zupi\/\" \/>\n<meta property=\"og:site_name\" content=\"Zupa Dobretici\" \/>\n<meta property=\"article:publisher\" content=\"https:\/\/www.facebook.com\/zupadobretici\/\" \/>\n<meta property=\"article:published_time\" content=\"2023-05-19T19:27:43+00:00\" \/>\n<meta property=\"article:modified_time\" content=\"2023-05-19T19:35:45+00:00\" \/>\n<meta property=\"og:image\" content=\"https:\/\/zupadobretici.ba\/wp-content\/uploads\/2023\/05\/krizmanici.jpg\" \/>\n\t<meta property=\"og:image:width\" content=\"1024\" \/>\n\t<meta property=\"og:image:height\" content=\"760\" \/>\n\t<meta property=\"og:image:type\" content=\"image\/jpeg\" \/>\n<meta name=\"author\" content=\"\u017dupa Dobreti\u0107i\" \/>\n<meta name=\"twitter:card\" content=\"summary_large_image\" \/>\n<meta name=\"twitter:label1\" content=\"Written by\" \/>\n\t<meta name=\"twitter:data1\" content=\"\u017dupa Dobreti\u0107i\" \/>\n\t<meta name=\"twitter:label2\" content=\"Est. reading time\" \/>\n\t<meta name=\"twitter:data2\" content=\"1 minute\" \/>\n<script type=\"application\/ld+json\" class=\"yoast-schema-graph\">{\"@context\":\"https:\/\/schema.org\",\"@graph\":[{\"@type\":\"Article\",\"@id\":\"https:\/\/zupadobretici.ba\/sv-krizma-potvrda-u-nasoj-zupi\/#article\",\"isPartOf\":{\"@id\":\"https:\/\/zupadobretici.ba\/sv-krizma-potvrda-u-nasoj-zupi\/\"},\"author\":{\"name\":\"\u017dupa Dobreti\u0107i\",\"@id\":\"https:\/\/zupadobretici.ba\/#\/schema\/person\/cad3e9b8707369b708dca610cc9c02f6\"},\"headline\":\"SV. KRIZMA-POTVRDA U NA\u0160OJ \u017dUPI\",\"datePublished\":\"2023-05-19T19:27:43+00:00\",\"dateModified\":\"2023-05-19T19:35:45+00:00\",\"mainEntityOfPage\":{\"@id\":\"https:\/\/zupadobretici.ba\/sv-krizma-potvrda-u-nasoj-zupi\/\"},\"wordCount\":235,\"commentCount\":0,\"publisher\":{\"@id\":\"https:\/\/zupadobretici.ba\/#organization\"},\"image\":{\"@id\":\"https:\/\/zupadobretici.ba\/sv-krizma-potvrda-u-nasoj-zupi\/#primaryimage\"},\"thumbnailUrl\":\"https:\/\/zupadobretici.ba\/wp-content\/uploads\/2023\/05\/krizmanici.jpg\",\"articleSection\":[\"Bez kategorije\"],\"inLanguage\":\"en-US\",\"potentialAction\":[{\"@type\":\"CommentAction\",\"name\":\"Comment\",\"target\":[\"https:\/\/zupadobretici.ba\/sv-krizma-potvrda-u-nasoj-zupi\/#respond\"]}]},{\"@type\":\"WebPage\",\"@id\":\"https:\/\/zupadobretici.ba\/sv-krizma-potvrda-u-nasoj-zupi\/\",\"url\":\"https:\/\/zupadobretici.ba\/sv-krizma-potvrda-u-nasoj-zupi\/\",\"name\":\"SV. KRIZMA-POTVRDA U NA\u0160OJ \u017dUPI - Zupa Dobretici\",\"isPartOf\":{\"@id\":\"https:\/\/zupadobretici.ba\/#website\"},\"primaryImageOfPage\":{\"@id\":\"https:\/\/zupadobretici.ba\/sv-krizma-potvrda-u-nasoj-zupi\/#primaryimage\"},\"image\":{\"@id\":\"https:\/\/zupadobretici.ba\/sv-krizma-potvrda-u-nasoj-zupi\/#primaryimage\"},\"thumbnailUrl\":\"https:\/\/zupadobretici.ba\/wp-content\/uploads\/2023\/05\/krizmanici.jpg\",\"datePublished\":\"2023-05-19T19:27:43+00:00\",\"dateModified\":\"2023-05-19T19:35:45+00:00\",\"breadcrumb\":{\"@id\":\"https:\/\/zupadobretici.ba\/sv-krizma-potvrda-u-nasoj-zupi\/#breadcrumb\"},\"inLanguage\":\"en-US\",\"potentialAction\":[{\"@type\":\"ReadAction\",\"target\":[\"https:\/\/zupadobretici.ba\/sv-krizma-potvrda-u-nasoj-zupi\/\"]}]},{\"@type\":\"ImageObject\",\"inLanguage\":\"en-US\",\"@id\":\"https:\/\/zupadobretici.ba\/sv-krizma-potvrda-u-nasoj-zupi\/#primaryimage\",\"url\":\"https:\/\/zupadobretici.ba\/wp-content\/uploads\/2023\/05\/krizmanici.jpg\",\"contentUrl\":\"https:\/\/zupadobretici.ba\/wp-content\/uploads\/2023\/05\/krizmanici.jpg\",\"width\":1024,\"height\":760},{\"@type\":\"BreadcrumbList\",\"@id\":\"https:\/\/zupadobretici.ba\/sv-krizma-potvrda-u-nasoj-zupi\/#breadcrumb\",\"itemListElement\":[{\"@type\":\"ListItem\",\"position\":1,\"name\":\"Po\u010detna stranica\",\"item\":\"https:\/\/zupadobretici.ba\/\"},{\"@type\":\"ListItem\",\"position\":2,\"name\":\"SV. KRIZMA-POTVRDA U NA\u0160OJ \u017dUPI\"}]},{\"@type\":\"WebSite\",\"@id\":\"https:\/\/zupadobretici.ba\/#website\",\"url\":\"https:\/\/zupadobretici.ba\/\",\"name\":\"Zupa Dobretici\",\"description\":\"\",\"publisher\":{\"@id\":\"https:\/\/zupadobretici.ba\/#organization\"},\"potentialAction\":[{\"@type\":\"SearchAction\",\"target\":{\"@type\":\"EntryPoint\",\"urlTemplate\":\"https:\/\/zupadobretici.ba\/?s={search_term_string}\"},\"query-input\":{\"@type\":\"PropertyValueSpecification\",\"valueRequired\":true,\"valueName\":\"search_term_string\"}}],\"inLanguage\":\"en-US\"},{\"@type\":\"Organization\",\"@id\":\"https:\/\/zupadobretici.ba\/#organization\",\"name\":\"Zupa Dobretici\",\"url\":\"https:\/\/zupadobretici.ba\/\",\"logo\":{\"@type\":\"ImageObject\",\"inLanguage\":\"en-US\",\"@id\":\"https:\/\/zupadobretici.ba\/#\/schema\/logo\/image\/\",\"url\":\"https:\/\/zupadobretici.ba\/wp-content\/uploads\/2022\/05\/textCrni.svg\",\"contentUrl\":\"https:\/\/zupadobretici.ba\/wp-content\/uploads\/2022\/05\/textCrni.svg\",\"width\":155,\"height\":51,\"caption\":\"Zupa Dobretici\"},\"image\":{\"@id\":\"https:\/\/zupadobretici.ba\/#\/schema\/logo\/image\/\"},\"sameAs\":[\"https:\/\/www.facebook.com\/zupadobretici\/\"]},{\"@type\":\"Person\",\"@id\":\"https:\/\/zupadobretici.ba\/#\/schema\/person\/cad3e9b8707369b708dca610cc9c02f6\",\"name\":\"\u017dupa Dobreti\u0107i\",\"image\":{\"@type\":\"ImageObject\",\"inLanguage\":\"en-US\",\"@id\":\"https:\/\/zupadobretici.ba\/#\/schema\/person\/image\/\",\"url\":\"https:\/\/secure.gravatar.com\/avatar\/dd172048efc34fcd3986f45a32720ea94daecce4ca52bd5ce8b569136f494ee5?s=96&d=mm&r=g\",\"contentUrl\":\"https:\/\/secure.gravatar.com\/avatar\/dd172048efc34fcd3986f45a32720ea94daecce4ca52bd5ce8b569136f494ee5?s=96&d=mm&r=g\",\"caption\":\"\u017dupa Dobreti\u0107i\"},\"url\":\"https:\/\/zupadobretici.ba\/en\/author\/zupadobretici\/\"}]}<\/script>\n<!-- \/ Yoast SEO plugin. -->","yoast_head_json":{"title":"SV. KRIZMA-POTVRDA U NA\u0160OJ \u017dUPI - Zupa Dobretici","robots":{"index":"index","follow":"follow","max-snippet":"max-snippet:-1","max-image-preview":"max-image-preview:large","max-video-preview":"max-video-preview:-1"},"canonical":"https:\/\/zupadobretici.ba\/en\/sv-krizma-potvrda-u-nasoj-zupi\/","og_locale":"en_US","og_type":"article","og_title":"SV. KRIZMA-POTVRDA U NA\u0160OJ \u017dUPI - Zupa Dobretici","og_description":"14. svibnja 2023. bio je veliki dan za na\u0161u malu zajednicu, ali drevnu \u017eupu Dobreti\u0107e. U 10 sati krizmanici, kumovi, roditelji, ministranti i \u017eupnik sve\u010dano su do\u010dekali vrhbosanskog nadbiskupa u miru Vinka kardinala Pulji\u0107a u crkvenom dvori\u0161tu; &nbsp;te su u procesiji skupa u\u0161li u crkvu gdje je kardinal kratko ispitao i pou\u010dio krizmanika o va\u017enosti","og_url":"https:\/\/zupadobretici.ba\/en\/sv-krizma-potvrda-u-nasoj-zupi\/","og_site_name":"Zupa Dobretici","article_publisher":"https:\/\/www.facebook.com\/zupadobretici\/","article_published_time":"2023-05-19T19:27:43+00:00","article_modified_time":"2023-05-19T19:35:45+00:00","og_image":[{"width":1024,"height":760,"url":"https:\/\/zupadobretici.ba\/wp-content\/uploads\/2023\/05\/krizmanici.jpg","type":"image\/jpeg"}],"author":"\u017dupa Dobreti\u0107i","twitter_card":"summary_large_image","twitter_misc":{"Written by":"\u017dupa Dobreti\u0107i","Est. reading time":"1 minute"},"schema":{"@context":"https:\/\/schema.org","@graph":[{"@type":"Article","@id":"https:\/\/zupadobretici.ba\/sv-krizma-potvrda-u-nasoj-zupi\/#article","isPartOf":{"@id":"https:\/\/zupadobretici.ba\/sv-krizma-potvrda-u-nasoj-zupi\/"},"author":{"name":"\u017dupa Dobreti\u0107i","@id":"https:\/\/zupadobretici.ba\/#\/schema\/person\/cad3e9b8707369b708dca610cc9c02f6"},"headline":"SV. KRIZMA-POTVRDA U NA\u0160OJ \u017dUPI","datePublished":"2023-05-19T19:27:43+00:00","dateModified":"2023-05-19T19:35:45+00:00","mainEntityOfPage":{"@id":"https:\/\/zupadobretici.ba\/sv-krizma-potvrda-u-nasoj-zupi\/"},"wordCount":235,"commentCount":0,"publisher":{"@id":"https:\/\/zupadobretici.ba\/#organization"},"image":{"@id":"https:\/\/zupadobretici.ba\/sv-krizma-potvrda-u-nasoj-zupi\/#primaryimage"},"thumbnailUrl":"https:\/\/zupadobretici.ba\/wp-content\/uploads\/2023\/05\/krizmanici.jpg","articleSection":["Bez kategorije"],"inLanguage":"en-US","potentialAction":[{"@type":"CommentAction","name":"Comment","target":["https:\/\/zupadobretici.ba\/sv-krizma-potvrda-u-nasoj-zupi\/#respond"]}]},{"@type":"WebPage","@id":"https:\/\/zupadobretici.ba\/sv-krizma-potvrda-u-nasoj-zupi\/","url":"https:\/\/zupadobretici.ba\/sv-krizma-potvrda-u-nasoj-zupi\/","name":"SV. KRIZMA-POTVRDA U NA\u0160OJ \u017dUPI - Zupa Dobretici","isPartOf":{"@id":"https:\/\/zupadobretici.ba\/#website"},"primaryImageOfPage":{"@id":"https:\/\/zupadobretici.ba\/sv-krizma-potvrda-u-nasoj-zupi\/#primaryimage"},"image":{"@id":"https:\/\/zupadobretici.ba\/sv-krizma-potvrda-u-nasoj-zupi\/#primaryimage"},"thumbnailUrl":"https:\/\/zupadobretici.ba\/wp-content\/uploads\/2023\/05\/krizmanici.jpg","datePublished":"2023-05-19T19:27:43+00:00","dateModified":"2023-05-19T19:35:45+00:00","breadcrumb":{"@id":"https:\/\/zupadobretici.ba\/sv-krizma-potvrda-u-nasoj-zupi\/#breadcrumb"},"inLanguage":"en-US","potentialAction":[{"@type":"ReadAction","target":["https:\/\/zupadobretici.ba\/sv-krizma-potvrda-u-nasoj-zupi\/"]}]},{"@type":"ImageObject","inLanguage":"en-US","@id":"https:\/\/zupadobretici.ba\/sv-krizma-potvrda-u-nasoj-zupi\/#primaryimage","url":"https:\/\/zupadobretici.ba\/wp-content\/uploads\/2023\/05\/krizmanici.jpg","contentUrl":"https:\/\/zupadobretici.ba\/wp-content\/uploads\/2023\/05\/krizmanici.jpg","width":1024,"height":760},{"@type":"BreadcrumbList","@id":"https:\/\/zupadobretici.ba\/sv-krizma-potvrda-u-nasoj-zupi\/#breadcrumb","itemListElement":[{"@type":"ListItem","position":1,"name":"Po\u010detna stranica","item":"https:\/\/zupadobretici.ba\/"},{"@type":"ListItem","position":2,"name":"SV. KRIZMA-POTVRDA U NA\u0160OJ \u017dUPI"}]},{"@type":"WebSite","@id":"https:\/\/zupadobretici.ba\/#website","url":"https:\/\/zupadobretici.ba\/","name":"Zupa Dobretici","description":"","publisher":{"@id":"https:\/\/zupadobretici.ba\/#organization"},"potentialAction":[{"@type":"SearchAction","target":{"@type":"EntryPoint","urlTemplate":"https:\/\/zupadobretici.ba\/?s={search_term_string}"},"query-input":{"@type":"PropertyValueSpecification","valueRequired":true,"valueName":"search_term_string"}}],"inLanguage":"en-US"},{"@type":"Organization","@id":"https:\/\/zupadobretici.ba\/#organization","name":"Zupa Dobretici","url":"https:\/\/zupadobretici.ba\/","logo":{"@type":"ImageObject","inLanguage":"en-US","@id":"https:\/\/zupadobretici.ba\/#\/schema\/logo\/image\/","url":"https:\/\/zupadobretici.ba\/wp-content\/uploads\/2022\/05\/textCrni.svg","contentUrl":"https:\/\/zupadobretici.ba\/wp-content\/uploads\/2022\/05\/textCrni.svg","width":155,"height":51,"caption":"Zupa Dobretici"},"image":{"@id":"https:\/\/zupadobretici.ba\/#\/schema\/logo\/image\/"},"sameAs":["https:\/\/www.facebook.com\/zupadobretici\/"]},{"@type":"Person","@id":"https:\/\/zupadobretici.ba\/#\/schema\/person\/cad3e9b8707369b708dca610cc9c02f6","name":"\u017dupa Dobreti\u0107i","image":{"@type":"ImageObject","inLanguage":"en-US","@id":"https:\/\/zupadobretici.ba\/#\/schema\/person\/image\/","url":"https:\/\/secure.gravatar.com\/avatar\/dd172048efc34fcd3986f45a32720ea94daecce4ca52bd5ce8b569136f494ee5?s=96&d=mm&r=g","contentUrl":"https:\/\/secure.gravatar.com\/avatar\/dd172048efc34fcd3986f45a32720ea94daecce4ca52bd5ce8b569136f494ee5?s=96&d=mm&r=g","caption":"\u017dupa Dobreti\u0107i"},"url":"https:\/\/zupadobretici.ba\/en\/author\/zupadobretici\/"}]}},"_links":{"self":[{"href":"https:\/\/zupadobretici.ba\/en\/wp-json\/wp\/v2\/posts\/20347","targetHints":{"allow":["GET"]}}],"collection":[{"href":"https:\/\/zupadobretici.ba\/en\/wp-json\/wp\/v2\/posts"}],"about":[{"href":"https:\/\/zupadobretici.ba\/en\/wp-json\/wp\/v2\/types\/post"}],"author":[{"embeddable":true,"href":"https:\/\/zupadobretici.ba\/en\/wp-json\/wp\/v2\/users\/2450"}],"replies":[{"embeddable":true,"href":"https:\/\/zupadobretici.ba\/en\/wp-json\/wp\/v2\/comments?post=20347"}],"version-history":[{"count":4,"href":"https:\/\/zupadobretici.ba\/en\/wp-json\/wp\/v2\/posts\/20347\/revisions"}],"predecessor-version":[{"id":20364,"href":"https:\/\/zupadobretici.ba\/en\/wp-json\/wp\/v2\/posts\/20347\/revisions\/20364"}],"wp:featuredmedia":[{"embeddable":true,"href":"https:\/\/zupadobretici.ba\/en\/wp-json\/wp\/v2\/media\/20357"}],"wp:attachment":[{"href":"https:\/\/zupadobretici.ba\/en\/wp-json\/wp\/v2\/media?parent=20347"}],"wp:term":[{"taxonomy":"category","embeddable":true,"href":"https:\/\/zupadobretici.ba\/en\/wp-json\/wp\/v2\/categories?post=20347"},{"taxonomy":"post_tag","embeddable":true,"href":"https:\/\/zupadobretici.ba\/en\/wp-json\/wp\/v2\/tags?post=20347"}],"curies":[{"name":"wp","href":"https:\/\/api.w.org\/{rel}","templated":true}]}}