{"id":20399,"date":"2023-08-24T16:45:46","date_gmt":"2023-08-24T16:45:46","guid":{"rendered":"https:\/\/zupadobretici.ba\/?p=20399"},"modified":"2024-12-23T16:12:41","modified_gmt":"2024-12-23T16:12:41","slug":"25-godina-misnistva-fra-jure-tokalica","status":"publish","type":"post","link":"https:\/\/zupadobretici.ba\/en\/25-godina-misnistva-fra-jure-tokalica\/","title":{"rendered":"25. GODINA MISNI\u0160TVA FRA JURE TOKALI\u0106A"},"content":{"rendered":"<p><\/p>\n\n\n\n<p>\u00a0\u00a0\u00a0\u00a0\u00a0\u00a0\u00a0\u00a0\u00a0\u00a0\u00a0 U \u017eupi Sv. Ante Padovanskog u Dobreti\u0107ima, \u00a06. 8. 2023. fra Juro Tokali\u0107 proslavio je 25 godina misni\u0161tva.<br><br>Proslava je zapo\u010dela misnim slavljem u \u017eupnoj crkvi u 11 sati, koju je u nazo\u010dnosti velikog broja sve\u0107enika, \u010dasnih sestara i vjernika predslavio slavljenik fra Juro.<br><br>Prigodnu propovijed izrekao je fra Marko Bandalo, tako\u0111er slavljenik srebrenog jubileja.<\/p>\n\n\n\n<p>Crkveni kum je bio fra Zoran Mandi\u0107, a civilni kumovi su Zvone i Ljilja Juri\u0107.<br><br>Nakon mise slavlje je nastavljeno pod \u0161atorom gdje je bio pripravljen ru\u010dak za sve.<br><br>Fra Juro Tokali\u0107 ro\u0111en je 1971. godine u Vukovi\u0107ima. Osnovnu \u0161kolu zavr\u0161io je u Melini i Dobreti\u0107ima, a Klasi\u010dnu gimnaziju u Visokom. Novicijat u Sarajevu a Franjeva\u010dku teologiju u Samoboru i Sarajevu.<br><br>Zare\u0111en je 1998. godine na sv. Petra i Pavla u Sarajevu. Mladu misu slavio je na 19. 7. 1998. godine.<br><br>Slu\u017eio je u \u017eupama Gu\u010da Gora, Jajce, Podmila\u010dje, Tanzania-Kenya, Nizozemska, Sokoline-Vrbanjci, Dobreti\u0107i.<\/p>\n\n\n\n<figure class=\"wp-block-gallery has-nested-images columns-default is-cropped wp-block-gallery-1 is-layout-flex wp-block-gallery-is-layout-flex\">\n<figure class=\"wp-block-image size-large\"><img loading=\"lazy\" decoding=\"async\" width=\"1170\" height=\"694\" data-id=\"20403\" src=\"https:\/\/zupadobretici.ba\/wp-content\/uploads\/2023\/08\/25.--1170x694.jpg\" alt=\"\" class=\"wp-image-20403\" srcset=\"https:\/\/zupadobretici.ba\/wp-content\/uploads\/2023\/08\/25.--1170x694.jpg 1170w, https:\/\/zupadobretici.ba\/wp-content\/uploads\/2023\/08\/25.--768x456.jpg 768w\" sizes=\"auto, (max-width: 1170px) 100vw, 1170px\" \/><\/figure>\n\n\n\n<figure class=\"wp-block-image size-large\"><img loading=\"lazy\" decoding=\"async\" width=\"1170\" height=\"694\" data-id=\"20406\" src=\"https:\/\/zupadobretici.ba\/wp-content\/uploads\/2023\/08\/25-3-1170x694.jpg\" alt=\"\" class=\"wp-image-20406\" srcset=\"https:\/\/zupadobretici.ba\/wp-content\/uploads\/2023\/08\/25-3-1170x694.jpg 1170w, https:\/\/zupadobretici.ba\/wp-content\/uploads\/2023\/08\/25-3-768x456.jpg 768w\" sizes=\"auto, (max-width: 1170px) 100vw, 1170px\" \/><\/figure>\n\n\n\n<figure class=\"wp-block-image size-large\"><img loading=\"lazy\" decoding=\"async\" width=\"1170\" height=\"694\" data-id=\"20401\" src=\"https:\/\/zupadobretici.ba\/wp-content\/uploads\/2023\/08\/25-1170x694.jpg\" alt=\"\" class=\"wp-image-20401\" srcset=\"https:\/\/zupadobretici.ba\/wp-content\/uploads\/2023\/08\/25-1170x694.jpg 1170w, https:\/\/zupadobretici.ba\/wp-content\/uploads\/2023\/08\/25-768x456.jpg 768w\" sizes=\"auto, (max-width: 1170px) 100vw, 1170px\" \/><\/figure>\n\n\n\n<figure class=\"wp-block-image size-large\"><img loading=\"lazy\" decoding=\"async\" width=\"1170\" height=\"694\" data-id=\"20402\" src=\"https:\/\/zupadobretici.ba\/wp-content\/uploads\/2023\/08\/25-1-1170x694.jpg\" alt=\"\" class=\"wp-image-20402\" srcset=\"https:\/\/zupadobretici.ba\/wp-content\/uploads\/2023\/08\/25-1-1170x694.jpg 1170w, https:\/\/zupadobretici.ba\/wp-content\/uploads\/2023\/08\/25-1-768x456.jpg 768w\" sizes=\"auto, (max-width: 1170px) 100vw, 1170px\" \/><\/figure>\n\n\n\n<figure class=\"wp-block-image size-large\"><img loading=\"lazy\" decoding=\"async\" width=\"1170\" height=\"694\" data-id=\"20405\" src=\"https:\/\/zupadobretici.ba\/wp-content\/uploads\/2023\/08\/25-1-1-1170x694.jpg\" alt=\"\" class=\"wp-image-20405\" srcset=\"https:\/\/zupadobretici.ba\/wp-content\/uploads\/2023\/08\/25-1-1-1170x694.jpg 1170w, https:\/\/zupadobretici.ba\/wp-content\/uploads\/2023\/08\/25-1-1-768x456.jpg 768w\" sizes=\"auto, (max-width: 1170px) 100vw, 1170px\" \/><\/figure>\n\n\n\n<figure class=\"wp-block-image size-large\"><img loading=\"lazy\" decoding=\"async\" width=\"1170\" height=\"694\" data-id=\"20404\" src=\"https:\/\/zupadobretici.ba\/wp-content\/uploads\/2023\/08\/25-2-1170x694.jpg\" alt=\"\" class=\"wp-image-20404\" srcset=\"https:\/\/zupadobretici.ba\/wp-content\/uploads\/2023\/08\/25-2-1170x694.jpg 1170w, https:\/\/zupadobretici.ba\/wp-content\/uploads\/2023\/08\/25-2-768x456.jpg 768w\" sizes=\"auto, (max-width: 1170px) 100vw, 1170px\" \/><\/figure>\n\n\n\n<figure class=\"wp-block-image size-large\"><img loading=\"lazy\" decoding=\"async\" width=\"1170\" height=\"694\" data-id=\"20400\" src=\"https:\/\/zupadobretici.ba\/wp-content\/uploads\/2023\/08\/25--1170x694.jpg\" alt=\"\" class=\"wp-image-20400\" srcset=\"https:\/\/zupadobretici.ba\/wp-content\/uploads\/2023\/08\/25--1170x694.jpg 1170w, https:\/\/zupadobretici.ba\/wp-content\/uploads\/2023\/08\/25--768x456.jpg 768w\" sizes=\"auto, (max-width: 1170px) 100vw, 1170px\" \/><\/figure>\n<\/figure>","protected":false},"excerpt":{"rendered":"<p>\u00a0\u00a0\u00a0\u00a0\u00a0\u00a0\u00a0\u00a0\u00a0\u00a0\u00a0 U \u017eupi Sv. Ante Padovanskog u Dobreti\u0107ima, \u00a06. 8. 2023. fra Juro Tokali\u0107 proslavio je 25 godina misni\u0161tva. Proslava je zapo\u010dela misnim slavljem u \u017eupnoj crkvi u 11 sati, koju je u nazo\u010dnosti velikog broja sve\u0107enika, \u010dasnih sestara i vjernika predslavio slavljenik fra Juro. Prigodnu propovijed izrekao je fra Marko Bandalo, tako\u0111er slavljenik srebrenog<\/p>","protected":false},"author":2450,"featured_media":20400,"comment_status":"open","ping_status":"open","sticky":false,"template":"","format":"standard","meta":{"footnotes":""},"categories":[7,42],"tags":[],"class_list":["post-20399","post","type-post","status-publish","format-standard","has-post-thumbnail","hentry","category-dogadaji","category-obiljezavanja"],"yoast_head":"<!-- This site is optimized with the Yoast SEO plugin v25.9 - https:\/\/yoast.com\/wordpress\/plugins\/seo\/ -->\n<title>25. GODINA MISNI\u0160TVA FRA JURE TOKALI\u0106A - Zupa Dobretici<\/title>\n<meta name=\"robots\" content=\"index, follow, max-snippet:-1, max-image-preview:large, max-video-preview:-1\" \/>\n<link rel=\"canonical\" href=\"https:\/\/zupadobretici.ba\/en\/25-godina-misnistva-fra-jure-tokalica\/\" \/>\n<meta property=\"og:locale\" content=\"en_US\" \/>\n<meta property=\"og:type\" content=\"article\" \/>\n<meta property=\"og:title\" content=\"25. GODINA MISNI\u0160TVA FRA JURE TOKALI\u0106A - Zupa Dobretici\" \/>\n<meta property=\"og:description\" content=\"\u00a0\u00a0\u00a0\u00a0\u00a0\u00a0\u00a0\u00a0\u00a0\u00a0\u00a0 U \u017eupi Sv. Ante Padovanskog u Dobreti\u0107ima, \u00a06. 8. 2023. fra Juro Tokali\u0107 proslavio je 25 godina misni\u0161tva. Proslava je zapo\u010dela misnim slavljem u \u017eupnoj crkvi u 11 sati, koju je u nazo\u010dnosti velikog broja sve\u0107enika, \u010dasnih sestara i vjernika predslavio slavljenik fra Juro. Prigodnu propovijed izrekao je fra Marko Bandalo, tako\u0111er slavljenik srebrenog\" \/>\n<meta property=\"og:url\" content=\"https:\/\/zupadobretici.ba\/en\/25-godina-misnistva-fra-jure-tokalica\/\" \/>\n<meta property=\"og:site_name\" content=\"Zupa Dobretici\" \/>\n<meta property=\"article:publisher\" content=\"https:\/\/www.facebook.com\/zupadobretici\/\" \/>\n<meta property=\"article:published_time\" content=\"2023-08-24T16:45:46+00:00\" \/>\n<meta property=\"article:modified_time\" content=\"2024-12-23T16:12:41+00:00\" \/>\n<meta property=\"og:image\" content=\"https:\/\/zupadobretici.ba\/wp-content\/uploads\/2023\/08\/25-.jpg\" \/>\n\t<meta property=\"og:image:width\" content=\"2048\" \/>\n\t<meta property=\"og:image:height\" content=\"1536\" \/>\n\t<meta property=\"og:image:type\" content=\"image\/jpeg\" \/>\n<meta name=\"author\" content=\"\u017dupa Dobreti\u0107i\" \/>\n<meta name=\"twitter:card\" content=\"summary_large_image\" \/>\n<meta name=\"twitter:label1\" content=\"Written by\" \/>\n\t<meta name=\"twitter:data1\" content=\"\u017dupa Dobreti\u0107i\" \/>\n\t<meta name=\"twitter:label2\" content=\"Est. reading time\" \/>\n\t<meta name=\"twitter:data2\" content=\"3 minutes\" \/>\n<script type=\"application\/ld+json\" class=\"yoast-schema-graph\">{\"@context\":\"https:\/\/schema.org\",\"@graph\":[{\"@type\":\"Article\",\"@id\":\"https:\/\/zupadobretici.ba\/25-godina-misnistva-fra-jure-tokalica\/#article\",\"isPartOf\":{\"@id\":\"https:\/\/zupadobretici.ba\/25-godina-misnistva-fra-jure-tokalica\/\"},\"author\":{\"name\":\"\u017dupa Dobreti\u0107i\",\"@id\":\"https:\/\/zupadobretici.ba\/#\/schema\/person\/cad3e9b8707369b708dca610cc9c02f6\"},\"headline\":\"25. GODINA MISNI\u0160TVA FRA JURE TOKALI\u0106A\",\"datePublished\":\"2023-08-24T16:45:46+00:00\",\"dateModified\":\"2024-12-23T16:12:41+00:00\",\"mainEntityOfPage\":{\"@id\":\"https:\/\/zupadobretici.ba\/25-godina-misnistva-fra-jure-tokalica\/\"},\"wordCount\":163,\"commentCount\":0,\"publisher\":{\"@id\":\"https:\/\/zupadobretici.ba\/#organization\"},\"image\":{\"@id\":\"https:\/\/zupadobretici.ba\/25-godina-misnistva-fra-jure-tokalica\/#primaryimage\"},\"thumbnailUrl\":\"https:\/\/zupadobretici.ba\/wp-content\/uploads\/2023\/08\/25-.jpg\",\"articleSection\":[\"Doga\u0111aji\",\"Obilje\u017eavanja\"],\"inLanguage\":\"en-US\",\"potentialAction\":[{\"@type\":\"CommentAction\",\"name\":\"Comment\",\"target\":[\"https:\/\/zupadobretici.ba\/25-godina-misnistva-fra-jure-tokalica\/#respond\"]}]},{\"@type\":\"WebPage\",\"@id\":\"https:\/\/zupadobretici.ba\/25-godina-misnistva-fra-jure-tokalica\/\",\"url\":\"https:\/\/zupadobretici.ba\/25-godina-misnistva-fra-jure-tokalica\/\",\"name\":\"25. GODINA MISNI\u0160TVA FRA JURE TOKALI\u0106A - Zupa Dobretici\",\"isPartOf\":{\"@id\":\"https:\/\/zupadobretici.ba\/#website\"},\"primaryImageOfPage\":{\"@id\":\"https:\/\/zupadobretici.ba\/25-godina-misnistva-fra-jure-tokalica\/#primaryimage\"},\"image\":{\"@id\":\"https:\/\/zupadobretici.ba\/25-godina-misnistva-fra-jure-tokalica\/#primaryimage\"},\"thumbnailUrl\":\"https:\/\/zupadobretici.ba\/wp-content\/uploads\/2023\/08\/25-.jpg\",\"datePublished\":\"2023-08-24T16:45:46+00:00\",\"dateModified\":\"2024-12-23T16:12:41+00:00\",\"breadcrumb\":{\"@id\":\"https:\/\/zupadobretici.ba\/25-godina-misnistva-fra-jure-tokalica\/#breadcrumb\"},\"inLanguage\":\"en-US\",\"potentialAction\":[{\"@type\":\"ReadAction\",\"target\":[\"https:\/\/zupadobretici.ba\/25-godina-misnistva-fra-jure-tokalica\/\"]}]},{\"@type\":\"ImageObject\",\"inLanguage\":\"en-US\",\"@id\":\"https:\/\/zupadobretici.ba\/25-godina-misnistva-fra-jure-tokalica\/#primaryimage\",\"url\":\"https:\/\/zupadobretici.ba\/wp-content\/uploads\/2023\/08\/25-.jpg\",\"contentUrl\":\"https:\/\/zupadobretici.ba\/wp-content\/uploads\/2023\/08\/25-.jpg\",\"width\":2048,\"height\":1536},{\"@type\":\"BreadcrumbList\",\"@id\":\"https:\/\/zupadobretici.ba\/25-godina-misnistva-fra-jure-tokalica\/#breadcrumb\",\"itemListElement\":[{\"@type\":\"ListItem\",\"position\":1,\"name\":\"Po\u010detna stranica\",\"item\":\"https:\/\/zupadobretici.ba\/\"},{\"@type\":\"ListItem\",\"position\":2,\"name\":\"25. GODINA MISNI\u0160TVA FRA JURE TOKALI\u0106A\"}]},{\"@type\":\"WebSite\",\"@id\":\"https:\/\/zupadobretici.ba\/#website\",\"url\":\"https:\/\/zupadobretici.ba\/\",\"name\":\"Zupa Dobretici\",\"description\":\"\",\"publisher\":{\"@id\":\"https:\/\/zupadobretici.ba\/#organization\"},\"potentialAction\":[{\"@type\":\"SearchAction\",\"target\":{\"@type\":\"EntryPoint\",\"urlTemplate\":\"https:\/\/zupadobretici.ba\/?s={search_term_string}\"},\"query-input\":{\"@type\":\"PropertyValueSpecification\",\"valueRequired\":true,\"valueName\":\"search_term_string\"}}],\"inLanguage\":\"en-US\"},{\"@type\":\"Organization\",\"@id\":\"https:\/\/zupadobretici.ba\/#organization\",\"name\":\"Zupa Dobretici\",\"url\":\"https:\/\/zupadobretici.ba\/\",\"logo\":{\"@type\":\"ImageObject\",\"inLanguage\":\"en-US\",\"@id\":\"https:\/\/zupadobretici.ba\/#\/schema\/logo\/image\/\",\"url\":\"https:\/\/zupadobretici.ba\/wp-content\/uploads\/2022\/05\/textCrni.svg\",\"contentUrl\":\"https:\/\/zupadobretici.ba\/wp-content\/uploads\/2022\/05\/textCrni.svg\",\"width\":155,\"height\":51,\"caption\":\"Zupa Dobretici\"},\"image\":{\"@id\":\"https:\/\/zupadobretici.ba\/#\/schema\/logo\/image\/\"},\"sameAs\":[\"https:\/\/www.facebook.com\/zupadobretici\/\"]},{\"@type\":\"Person\",\"@id\":\"https:\/\/zupadobretici.ba\/#\/schema\/person\/cad3e9b8707369b708dca610cc9c02f6\",\"name\":\"\u017dupa Dobreti\u0107i\",\"image\":{\"@type\":\"ImageObject\",\"inLanguage\":\"en-US\",\"@id\":\"https:\/\/zupadobretici.ba\/#\/schema\/person\/image\/\",\"url\":\"https:\/\/secure.gravatar.com\/avatar\/dd172048efc34fcd3986f45a32720ea94daecce4ca52bd5ce8b569136f494ee5?s=96&d=mm&r=g\",\"contentUrl\":\"https:\/\/secure.gravatar.com\/avatar\/dd172048efc34fcd3986f45a32720ea94daecce4ca52bd5ce8b569136f494ee5?s=96&d=mm&r=g\",\"caption\":\"\u017dupa Dobreti\u0107i\"},\"url\":\"https:\/\/zupadobretici.ba\/en\/author\/zupadobretici\/\"}]}<\/script>\n<!-- \/ Yoast SEO plugin. -->","yoast_head_json":{"title":"25. GODINA MISNI\u0160TVA FRA JURE TOKALI\u0106A - Zupa Dobretici","robots":{"index":"index","follow":"follow","max-snippet":"max-snippet:-1","max-image-preview":"max-image-preview:large","max-video-preview":"max-video-preview:-1"},"canonical":"https:\/\/zupadobretici.ba\/en\/25-godina-misnistva-fra-jure-tokalica\/","og_locale":"en_US","og_type":"article","og_title":"25. GODINA MISNI\u0160TVA FRA JURE TOKALI\u0106A - Zupa Dobretici","og_description":"\u00a0\u00a0\u00a0\u00a0\u00a0\u00a0\u00a0\u00a0\u00a0\u00a0\u00a0 U \u017eupi Sv. Ante Padovanskog u Dobreti\u0107ima, \u00a06. 8. 2023. fra Juro Tokali\u0107 proslavio je 25 godina misni\u0161tva. Proslava je zapo\u010dela misnim slavljem u \u017eupnoj crkvi u 11 sati, koju je u nazo\u010dnosti velikog broja sve\u0107enika, \u010dasnih sestara i vjernika predslavio slavljenik fra Juro. Prigodnu propovijed izrekao je fra Marko Bandalo, tako\u0111er slavljenik srebrenog","og_url":"https:\/\/zupadobretici.ba\/en\/25-godina-misnistva-fra-jure-tokalica\/","og_site_name":"Zupa Dobretici","article_publisher":"https:\/\/www.facebook.com\/zupadobretici\/","article_published_time":"2023-08-24T16:45:46+00:00","article_modified_time":"2024-12-23T16:12:41+00:00","og_image":[{"width":2048,"height":1536,"url":"https:\/\/zupadobretici.ba\/wp-content\/uploads\/2023\/08\/25-.jpg","type":"image\/jpeg"}],"author":"\u017dupa Dobreti\u0107i","twitter_card":"summary_large_image","twitter_misc":{"Written by":"\u017dupa Dobreti\u0107i","Est. reading time":"3 minutes"},"schema":{"@context":"https:\/\/schema.org","@graph":[{"@type":"Article","@id":"https:\/\/zupadobretici.ba\/25-godina-misnistva-fra-jure-tokalica\/#article","isPartOf":{"@id":"https:\/\/zupadobretici.ba\/25-godina-misnistva-fra-jure-tokalica\/"},"author":{"name":"\u017dupa Dobreti\u0107i","@id":"https:\/\/zupadobretici.ba\/#\/schema\/person\/cad3e9b8707369b708dca610cc9c02f6"},"headline":"25. GODINA MISNI\u0160TVA FRA JURE TOKALI\u0106A","datePublished":"2023-08-24T16:45:46+00:00","dateModified":"2024-12-23T16:12:41+00:00","mainEntityOfPage":{"@id":"https:\/\/zupadobretici.ba\/25-godina-misnistva-fra-jure-tokalica\/"},"wordCount":163,"commentCount":0,"publisher":{"@id":"https:\/\/zupadobretici.ba\/#organization"},"image":{"@id":"https:\/\/zupadobretici.ba\/25-godina-misnistva-fra-jure-tokalica\/#primaryimage"},"thumbnailUrl":"https:\/\/zupadobretici.ba\/wp-content\/uploads\/2023\/08\/25-.jpg","articleSection":["Doga\u0111aji","Obilje\u017eavanja"],"inLanguage":"en-US","potentialAction":[{"@type":"CommentAction","name":"Comment","target":["https:\/\/zupadobretici.ba\/25-godina-misnistva-fra-jure-tokalica\/#respond"]}]},{"@type":"WebPage","@id":"https:\/\/zupadobretici.ba\/25-godina-misnistva-fra-jure-tokalica\/","url":"https:\/\/zupadobretici.ba\/25-godina-misnistva-fra-jure-tokalica\/","name":"25. GODINA MISNI\u0160TVA FRA JURE TOKALI\u0106A - Zupa Dobretici","isPartOf":{"@id":"https:\/\/zupadobretici.ba\/#website"},"primaryImageOfPage":{"@id":"https:\/\/zupadobretici.ba\/25-godina-misnistva-fra-jure-tokalica\/#primaryimage"},"image":{"@id":"https:\/\/zupadobretici.ba\/25-godina-misnistva-fra-jure-tokalica\/#primaryimage"},"thumbnailUrl":"https:\/\/zupadobretici.ba\/wp-content\/uploads\/2023\/08\/25-.jpg","datePublished":"2023-08-24T16:45:46+00:00","dateModified":"2024-12-23T16:12:41+00:00","breadcrumb":{"@id":"https:\/\/zupadobretici.ba\/25-godina-misnistva-fra-jure-tokalica\/#breadcrumb"},"inLanguage":"en-US","potentialAction":[{"@type":"ReadAction","target":["https:\/\/zupadobretici.ba\/25-godina-misnistva-fra-jure-tokalica\/"]}]},{"@type":"ImageObject","inLanguage":"en-US","@id":"https:\/\/zupadobretici.ba\/25-godina-misnistva-fra-jure-tokalica\/#primaryimage","url":"https:\/\/zupadobretici.ba\/wp-content\/uploads\/2023\/08\/25-.jpg","contentUrl":"https:\/\/zupadobretici.ba\/wp-content\/uploads\/2023\/08\/25-.jpg","width":2048,"height":1536},{"@type":"BreadcrumbList","@id":"https:\/\/zupadobretici.ba\/25-godina-misnistva-fra-jure-tokalica\/#breadcrumb","itemListElement":[{"@type":"ListItem","position":1,"name":"Po\u010detna stranica","item":"https:\/\/zupadobretici.ba\/"},{"@type":"ListItem","position":2,"name":"25. GODINA MISNI\u0160TVA FRA JURE TOKALI\u0106A"}]},{"@type":"WebSite","@id":"https:\/\/zupadobretici.ba\/#website","url":"https:\/\/zupadobretici.ba\/","name":"Zupa Dobretici","description":"","publisher":{"@id":"https:\/\/zupadobretici.ba\/#organization"},"potentialAction":[{"@type":"SearchAction","target":{"@type":"EntryPoint","urlTemplate":"https:\/\/zupadobretici.ba\/?s={search_term_string}"},"query-input":{"@type":"PropertyValueSpecification","valueRequired":true,"valueName":"search_term_string"}}],"inLanguage":"en-US"},{"@type":"Organization","@id":"https:\/\/zupadobretici.ba\/#organization","name":"Zupa Dobretici","url":"https:\/\/zupadobretici.ba\/","logo":{"@type":"ImageObject","inLanguage":"en-US","@id":"https:\/\/zupadobretici.ba\/#\/schema\/logo\/image\/","url":"https:\/\/zupadobretici.ba\/wp-content\/uploads\/2022\/05\/textCrni.svg","contentUrl":"https:\/\/zupadobretici.ba\/wp-content\/uploads\/2022\/05\/textCrni.svg","width":155,"height":51,"caption":"Zupa Dobretici"},"image":{"@id":"https:\/\/zupadobretici.ba\/#\/schema\/logo\/image\/"},"sameAs":["https:\/\/www.facebook.com\/zupadobretici\/"]},{"@type":"Person","@id":"https:\/\/zupadobretici.ba\/#\/schema\/person\/cad3e9b8707369b708dca610cc9c02f6","name":"\u017dupa Dobreti\u0107i","image":{"@type":"ImageObject","inLanguage":"en-US","@id":"https:\/\/zupadobretici.ba\/#\/schema\/person\/image\/","url":"https:\/\/secure.gravatar.com\/avatar\/dd172048efc34fcd3986f45a32720ea94daecce4ca52bd5ce8b569136f494ee5?s=96&d=mm&r=g","contentUrl":"https:\/\/secure.gravatar.com\/avatar\/dd172048efc34fcd3986f45a32720ea94daecce4ca52bd5ce8b569136f494ee5?s=96&d=mm&r=g","caption":"\u017dupa Dobreti\u0107i"},"url":"https:\/\/zupadobretici.ba\/en\/author\/zupadobretici\/"}]}},"_links":{"self":[{"href":"https:\/\/zupadobretici.ba\/en\/wp-json\/wp\/v2\/posts\/20399","targetHints":{"allow":["GET"]}}],"collection":[{"href":"https:\/\/zupadobretici.ba\/en\/wp-json\/wp\/v2\/posts"}],"about":[{"href":"https:\/\/zupadobretici.ba\/en\/wp-json\/wp\/v2\/types\/post"}],"author":[{"embeddable":true,"href":"https:\/\/zupadobretici.ba\/en\/wp-json\/wp\/v2\/users\/2450"}],"replies":[{"embeddable":true,"href":"https:\/\/zupadobretici.ba\/en\/wp-json\/wp\/v2\/comments?post=20399"}],"version-history":[{"count":2,"href":"https:\/\/zupadobretici.ba\/en\/wp-json\/wp\/v2\/posts\/20399\/revisions"}],"predecessor-version":[{"id":20408,"href":"https:\/\/zupadobretici.ba\/en\/wp-json\/wp\/v2\/posts\/20399\/revisions\/20408"}],"wp:featuredmedia":[{"embeddable":true,"href":"https:\/\/zupadobretici.ba\/en\/wp-json\/wp\/v2\/media\/20400"}],"wp:attachment":[{"href":"https:\/\/zupadobretici.ba\/en\/wp-json\/wp\/v2\/media?parent=20399"}],"wp:term":[{"taxonomy":"category","embeddable":true,"href":"https:\/\/zupadobretici.ba\/en\/wp-json\/wp\/v2\/categories?post=20399"},{"taxonomy":"post_tag","embeddable":true,"href":"https:\/\/zupadobretici.ba\/en\/wp-json\/wp\/v2\/tags?post=20399"}],"curies":[{"name":"wp","href":"https:\/\/api.w.org\/{rel}","templated":true}]}}