{"id":20512,"date":"2024-08-17T18:12:04","date_gmt":"2024-08-17T18:12:04","guid":{"rendered":"https:\/\/zupadobretici.ba\/?p=20512"},"modified":"2024-08-17T18:23:21","modified_gmt":"2024-08-17T18:23:21","slug":"sv-mise-u-zupi","status":"publish","type":"post","link":"https:\/\/zupadobretici.ba\/en\/sv-mise-u-zupi\/","title":{"rendered":"SV. MISE U \u017dUPI"},"content":{"rendered":"<figure class=\"wp-block-gallery has-nested-images columns-default is-cropped wp-block-gallery-1 is-layout-flex wp-block-gallery-is-layout-flex\">\n<figure class=\"wp-block-image size-large\"><img loading=\"lazy\" decoding=\"async\" width=\"1170\" height=\"694\" data-id=\"20516\" src=\"https:\/\/zupadobretici.ba\/wp-content\/uploads\/2024\/08\/dobretici-dron-panorama-30-scaled-1-1170x694.jpg\" alt=\"\" class=\"wp-image-20516\" srcset=\"https:\/\/zupadobretici.ba\/wp-content\/uploads\/2024\/08\/dobretici-dron-panorama-30-scaled-1-1170x694.jpg 1170w, https:\/\/zupadobretici.ba\/wp-content\/uploads\/2024\/08\/dobretici-dron-panorama-30-scaled-1-768x456.jpg 768w, https:\/\/zupadobretici.ba\/wp-content\/uploads\/2024\/08\/dobretici-dron-panorama-30-scaled-1-18x12.jpg 18w\" sizes=\"auto, (max-width: 1170px) 100vw, 1170px\" \/><\/figure>\n<\/figure>\n\n\n\n<p><strong>18. 8. 2024. sv. misa u 11 sati \u017eupna crkva<\/strong><\/p>\n\n\n\n<p><strong>24. 8. 2024. sv. misa u 11 sati Janjelo-Gornja Melina.<\/strong><\/p>\n\n\n\n<p><strong>25. 8. 2024. sv. mise: 9 sati Mila\u0161evci; u 11 sati u \u017eupnoj crkvi.<\/strong><\/p>\n\n\n\n<p><strong>1. 9. 2024. sv. misa u 11 sati u \u017eupnoj crkvi.<\/strong><\/p>\n\n\n\n<p><strong>8. 9. 2024. sv. mise: 9 sati Mila\u0161evci; 11 sati Ko\u010danovica-Bunar. Na Ko\u010danovici se slavi Mala Gospa.<\/strong><\/p>\n\n\n\n<p><strong>15. 9. 2024. sv. mise: 9 sati Mila\u0161evci; u 11 sati \u017eupna crkva <u>sv. misa za sve pokojne iz na\u0161e \u017eupe \u2013 posebno za pokojne branitelje.<\/u> .<\/strong><\/p>\n\n\n\n<p><a><strong>21. 9. 2024. u 11 sati sv. misa zahvale na groblju Prisika.<\/strong><\/a><\/p>\n\n\n\n<p><strong>22. 9. 2024. sv. mise: 9 sati Mila\u0161evci; 11 sati sv. misa zahvale na groblju Melina.<\/strong><\/p>\n\n\n\n<p><strong>28. 9. 2024. sv. misa zahvale u 11 sati na groblju Kri\u010di\u0107i.<\/strong><\/p>\n\n\n\n<p><strong>29. 9. 2024. sv. mise: u 11 sati sv. misa zahvale na groblju Zubovi\u0107i; 13 sati sv. misa na Stini za zaposlenike javnog reda i mira, za policiju.<\/strong><\/p>\n\n\n\n<p><strong>4. 10. 2024. u 11 sati sv. misa zahvale na groblju Vukovi\u0107i.<\/strong><\/p>\n\n\n\n<p><strong>5. 10. 2024. u 11 sati sv. misa zahvale na groblju Vitovlje.<\/strong><\/p>\n\n\n\n<p><strong>6. 10. 2024. u 9 sati sv. misa Mila\u0161evci; u 11 sati sv. misa \u017eupna crkva, na koncu mise blagoslov sa Presvetim oltarskim sakramentom.<\/strong><\/p>\n\n\n\n<p><strong>13. 10 2024. u 11 sati sv. misa zahvale na groblju Kula.<\/strong><\/p>\n\n\n\n<p><strong>20. 10. 2024. sv. mise: u 9 sati sv. misa Mila\u0161evci; u 11 sati sv. misa \u017eupna crkva.<\/strong><\/p>\n\n\n\n<p><strong>27. 10. 2024. u 11 sati sv. misa u \u017eupnoj crkvi.<\/strong><\/p>\n\n\n\n<p><strong>1. 11. 2024. u 11 sati sv. misa zahvale na groblju Zape\u0107e; u 14 sati sv. misa zahvale na groblju Mila\u0161evci.<\/strong><\/p>\n\n\n\n<p><strong>2. 11. 2024. u 11 sati sv. misa zahvale na brnji\u0107kom groblje; u 14 sati sv. misa zahvale na groblju Ora\u0161ac.<\/strong><\/p>\n\n\n\n<p><strong>3. 11. 2024. u 9 sati sv. misa Mila\u0161evci; u 11 sati sv. misa \u017eupna crkva, na koncu mise blagoslov sa Presvetim oltarskim sakramentom.<\/strong><\/p>\n\n\n\n<p><\/p>\n\n\n\n<p><strong><u>Redovite mise radnim danom u 8 sati.<\/u><\/strong><\/p>\n\n\n\n<p><\/p>\n\n\n\n<p><strong><u>SV. MISE I OBLJETNICE<\/u><\/strong><\/p>\n\n\n\n<figure class=\"wp-block-gallery has-nested-images columns-default is-cropped wp-block-gallery-2 is-layout-flex wp-block-gallery-is-layout-flex\">\n<figure class=\"wp-block-image size-large\"><img loading=\"lazy\" decoding=\"async\" width=\"1080\" height=\"694\" data-id=\"20514\" src=\"https:\/\/zupadobretici.ba\/wp-content\/uploads\/2024\/08\/Spomen-poginulim-braniteljima-u-Pougarju-1080x694.jpg\" alt=\"\" class=\"wp-image-20514\"\/><\/figure>\n<\/figure>\n\n\n\n<p><strong>8. 9. 2024. sv. misa u 11 sati Ko\u010danovica-Bunar. Na Ko\u010danovici se slavi Mala Gospa.<\/strong><\/p>\n\n\n\n<p><strong>15. 9. 2024. u 11 sati \u017eupna crkva <u>sv. misa za sve pokojne iz na\u0161e \u017eupe \u2013 posebno za pokojne branitelje.<\/u><\/strong><\/p>\n\n\n\n<p><strong>29. 9. 2024. u 13 sati sv. misa na Stini za zaposlenike javnog reda i mira, za policiju.<\/strong><\/p>\n\n\n\n<p><\/p>\n\n\n\n<p><strong><u>SV. MISE KOD JOZINA GROBA<\/u><\/strong><\/p>\n\n\n\n<figure class=\"wp-block-gallery has-nested-images columns-default is-cropped wp-block-gallery-3 is-layout-flex wp-block-gallery-is-layout-flex\">\n<figure class=\"wp-block-image size-large\"><img loading=\"lazy\" decoding=\"async\" width=\"1170\" height=\"694\" data-id=\"20515\" src=\"https:\/\/zupadobretici.ba\/wp-content\/uploads\/2024\/08\/Jozin-grob-1170x694.jpeg\" alt=\"\" class=\"wp-image-20515\" srcset=\"https:\/\/zupadobretici.ba\/wp-content\/uploads\/2024\/08\/Jozin-grob-1170x694.jpeg 1170w, https:\/\/zupadobretici.ba\/wp-content\/uploads\/2024\/08\/Jozin-grob-768x456.jpeg 768w\" sizes=\"auto, (max-width: 1170px) 100vw, 1170px\" \/><\/figure>\n<\/figure>\n\n\n\n<p><strong>3. 9. 2024. sv. misa u 11 sati u Ora\u0161cu kod Jozina groba.<\/strong><\/p>\n\n\n\n<p><strong>8. 10. 2024. sv. misa u 11 sati u Ora\u0161cu kod Jozina groba.<\/strong><\/p>\n\n\n\n<p><strong>5. 11. 2024. sv. misa u 11 sati u Ora\u0161cu kod Jozina groba (AKO NE BUDE SNIJEGA)<\/strong><\/p>\n\n\n\n<p><\/p>\n\n\n\n<p><strong><u>SV. MISE NA PROKOSCU-MELINA<\/u><\/strong><\/p>\n\n\n\n<figure class=\"wp-block-gallery has-nested-images columns-default is-cropped wp-block-gallery-4 is-layout-flex wp-block-gallery-is-layout-flex\">\n<figure class=\"wp-block-image size-large\"><img loading=\"lazy\" decoding=\"async\" width=\"1170\" height=\"694\" data-id=\"20513\" src=\"https:\/\/zupadobretici.ba\/wp-content\/uploads\/2024\/08\/Prokosac-1170x694.jpg\" alt=\"\" class=\"wp-image-20513\" srcset=\"https:\/\/zupadobretici.ba\/wp-content\/uploads\/2024\/08\/Prokosac-1170x694.jpg 1170w, https:\/\/zupadobretici.ba\/wp-content\/uploads\/2024\/08\/Prokosac-768x456.jpg 768w\" sizes=\"auto, (max-width: 1170px) 100vw, 1170px\" \/><\/figure>\n<\/figure>\n\n\n\n<p><strong>24. 8. 2024. sv. misa u 11 sati Janjelo-Gornja Melina.<\/strong><\/p>\n\n\n\n<p><strong>7. 9. 2024. sv. misa u 11 sati na Prokoscu \u2013 Melina.<\/strong><\/p>\n\n\n\n<p><strong>7. 10. 2024. sv. misa u 11 sati na Prokoscu \u2013 Melina.<\/strong><\/p>\n\n\n\n<p><strong>8. 11. 2024. sv. misa u 11 sati na Prokoscu \u2013 Melina.<\/strong><\/p>\n\n\n\n<p><\/p>\n\n\n\n<p><strong><u>SV. MISE ZAHVALE ZA PLODOVE ZEMLJE PO GROBLJIMA<\/u><\/strong><img loading=\"lazy\" decoding=\"async\" width=\"150\" height=\"113\" class=\"wp-image-20425\" style=\"width: 150px;\" src=\"https:\/\/zupadobretici.ba\/wp-content\/uploads\/2023\/08\/ZUBOVICI-scaled.jpg\" alt=\"\" srcset=\"https:\/\/zupadobretici.ba\/wp-content\/uploads\/2023\/08\/ZUBOVICI-scaled.jpg 2560w, https:\/\/zupadobretici.ba\/wp-content\/uploads\/2023\/08\/ZUBOVICI-768x576.jpg 768w, https:\/\/zupadobretici.ba\/wp-content\/uploads\/2023\/08\/ZUBOVICI-1536x1152.jpg 1536w, https:\/\/zupadobretici.ba\/wp-content\/uploads\/2023\/08\/ZUBOVICI-2048x1536.jpg 2048w, https:\/\/zupadobretici.ba\/wp-content\/uploads\/2023\/08\/ZUBOVICI-16x12.jpg 16w\" sizes=\"auto, (max-width: 150px) 100vw, 150px\" \/><\/p>\n\n\n\n<p><strong>21. 9. 2024. u 11 sati sv. misa zahvale na groblju Prisika.<\/strong><\/p>\n\n\n\n<p><strong>22. 9. 2024. u 11 sati sv. misa zahvale na groblju Melina.<\/strong><\/p>\n\n\n\n<p><strong>28. 9. 2024. u 11 sati sv. misa zahvale na groblju Kri\u010di\u0107i.<\/strong><\/p>\n\n\n\n<p><strong>29. 9. 2024. sv. mise: u 11 sati sv. misa zahvale na groblju Zubovi\u0107i; 13 sati sv. misa na Stini za zaposlenike javnog reda i mira, za policiju.<\/strong><\/p>\n\n\n\n<p><strong>4. 10. 2024. u 11 sati sv. misa zahvale na groblju Vukovi\u0107i.<\/strong><\/p>\n\n\n\n<p><strong>5. 10. 2024. u 11 sati sv. misa zahvale na groblju Vitovlje.<\/strong><\/p>\n\n\n\n<p><strong>6. 10. 2024. u 9 sati sv. misa Mila\u0161evci; u 11 sati sv. misa \u017eupna crkva, na koncu mise blagoslov sa Presvetim oltarskim sakramentom.<\/strong><\/p>\n\n\n\n<p><strong>13. 10 2024. u 11 sati sv. misa zahvale na groblju Kula.<\/strong><\/p>\n\n\n\n<p><strong>1. 11. 2024. u 11 sati sv. misa zahvale na groblju Zape\u0107e; u 14 sati sv. misa zahvale na groblju Mila\u0161evci.<\/strong><\/p>\n\n\n\n<p><strong>2. 11. 2024. u 11 sati sv. misa zahvale na brnji\u0107kom groblje; u 14 sati sv. misa zahvale na groblju Ora\u0161ac.<\/strong><\/p>\n\n\n\n<p><\/p>","protected":false},"excerpt":{"rendered":"<p>18. 8. 2024. sv. misa u 11 sati \u017eupna crkva 24. 8. 2024. sv. misa u 11 sati Janjelo-Gornja Melina. 25. 8. 2024. sv. mise: 9 sati Mila\u0161evci; u 11 sati u \u017eupnoj crkvi. 1. 9. 2024. sv. misa u 11 sati u \u017eupnoj crkvi. 8. 9. 2024. sv. mise: 9 sati Mila\u0161evci; 11 sati<\/p>","protected":false},"author":2450,"featured_media":20516,"comment_status":"open","ping_status":"open","sticky":false,"template":"","format":"standard","meta":{"footnotes":""},"categories":[1],"tags":[],"class_list":["post-20512","post","type-post","status-publish","format-standard","has-post-thumbnail","hentry","category-bezkategorije"],"yoast_head":"<!-- This site is optimized with the Yoast SEO plugin v25.9 - https:\/\/yoast.com\/wordpress\/plugins\/seo\/ -->\n<title>SV. MISE U \u017dUPI - Zupa Dobretici<\/title>\n<meta name=\"robots\" content=\"index, follow, max-snippet:-1, max-image-preview:large, max-video-preview:-1\" \/>\n<link rel=\"canonical\" href=\"https:\/\/zupadobretici.ba\/en\/sv-mise-u-zupi\/\" \/>\n<meta property=\"og:locale\" content=\"en_US\" \/>\n<meta property=\"og:type\" content=\"article\" \/>\n<meta property=\"og:title\" content=\"SV. MISE U \u017dUPI - Zupa Dobretici\" \/>\n<meta property=\"og:description\" content=\"18. 8. 2024. sv. misa u 11 sati \u017eupna crkva 24. 8. 2024. sv. misa u 11 sati Janjelo-Gornja Melina. 25. 8. 2024. sv. mise: 9 sati Mila\u0161evci; u 11 sati u \u017eupnoj crkvi. 1. 9. 2024. sv. misa u 11 sati u \u017eupnoj crkvi. 8. 9. 2024. sv. mise: 9 sati Mila\u0161evci; 11 sati\" \/>\n<meta property=\"og:url\" content=\"https:\/\/zupadobretici.ba\/en\/sv-mise-u-zupi\/\" \/>\n<meta property=\"og:site_name\" content=\"Zupa Dobretici\" \/>\n<meta property=\"article:publisher\" content=\"https:\/\/www.facebook.com\/zupadobretici\/\" \/>\n<meta property=\"article:published_time\" content=\"2024-08-17T18:12:04+00:00\" \/>\n<meta property=\"article:modified_time\" content=\"2024-08-17T18:23:21+00:00\" \/>\n<meta property=\"og:image\" content=\"https:\/\/zupadobretici.ba\/wp-content\/uploads\/2024\/08\/dobretici-dron-panorama-30-scaled-1.jpg\" \/>\n\t<meta property=\"og:image:width\" content=\"2560\" \/>\n\t<meta property=\"og:image:height\" content=\"1707\" \/>\n\t<meta property=\"og:image:type\" content=\"image\/jpeg\" \/>\n<meta name=\"author\" content=\"\u017dupa Dobreti\u0107i\" \/>\n<meta name=\"twitter:card\" content=\"summary_large_image\" \/>\n<meta name=\"twitter:label1\" content=\"Written by\" \/>\n\t<meta name=\"twitter:data1\" content=\"\u017dupa Dobreti\u0107i\" \/>\n\t<meta name=\"twitter:label2\" content=\"Est. reading time\" \/>\n\t<meta name=\"twitter:data2\" content=\"5 minutes\" \/>\n<script type=\"application\/ld+json\" class=\"yoast-schema-graph\">{\"@context\":\"https:\/\/schema.org\",\"@graph\":[{\"@type\":\"Article\",\"@id\":\"https:\/\/zupadobretici.ba\/sv-mise-u-zupi\/#article\",\"isPartOf\":{\"@id\":\"https:\/\/zupadobretici.ba\/sv-mise-u-zupi\/\"},\"author\":{\"name\":\"\u017dupa Dobreti\u0107i\",\"@id\":\"https:\/\/zupadobretici.ba\/#\/schema\/person\/cad3e9b8707369b708dca610cc9c02f6\"},\"headline\":\"SV. MISE U \u017dUPI\",\"datePublished\":\"2024-08-17T18:12:04+00:00\",\"dateModified\":\"2024-08-17T18:23:21+00:00\",\"mainEntityOfPage\":{\"@id\":\"https:\/\/zupadobretici.ba\/sv-mise-u-zupi\/\"},\"wordCount\":509,\"commentCount\":0,\"publisher\":{\"@id\":\"https:\/\/zupadobretici.ba\/#organization\"},\"image\":{\"@id\":\"https:\/\/zupadobretici.ba\/sv-mise-u-zupi\/#primaryimage\"},\"thumbnailUrl\":\"https:\/\/zupadobretici.ba\/wp-content\/uploads\/2024\/08\/dobretici-dron-panorama-30-scaled-1.jpg\",\"articleSection\":[\"Bez kategorije\"],\"inLanguage\":\"en-US\",\"potentialAction\":[{\"@type\":\"CommentAction\",\"name\":\"Comment\",\"target\":[\"https:\/\/zupadobretici.ba\/sv-mise-u-zupi\/#respond\"]}]},{\"@type\":\"WebPage\",\"@id\":\"https:\/\/zupadobretici.ba\/sv-mise-u-zupi\/\",\"url\":\"https:\/\/zupadobretici.ba\/sv-mise-u-zupi\/\",\"name\":\"SV. MISE U \u017dUPI - Zupa Dobretici\",\"isPartOf\":{\"@id\":\"https:\/\/zupadobretici.ba\/#website\"},\"primaryImageOfPage\":{\"@id\":\"https:\/\/zupadobretici.ba\/sv-mise-u-zupi\/#primaryimage\"},\"image\":{\"@id\":\"https:\/\/zupadobretici.ba\/sv-mise-u-zupi\/#primaryimage\"},\"thumbnailUrl\":\"https:\/\/zupadobretici.ba\/wp-content\/uploads\/2024\/08\/dobretici-dron-panorama-30-scaled-1.jpg\",\"datePublished\":\"2024-08-17T18:12:04+00:00\",\"dateModified\":\"2024-08-17T18:23:21+00:00\",\"breadcrumb\":{\"@id\":\"https:\/\/zupadobretici.ba\/sv-mise-u-zupi\/#breadcrumb\"},\"inLanguage\":\"en-US\",\"potentialAction\":[{\"@type\":\"ReadAction\",\"target\":[\"https:\/\/zupadobretici.ba\/sv-mise-u-zupi\/\"]}]},{\"@type\":\"ImageObject\",\"inLanguage\":\"en-US\",\"@id\":\"https:\/\/zupadobretici.ba\/sv-mise-u-zupi\/#primaryimage\",\"url\":\"https:\/\/zupadobretici.ba\/wp-content\/uploads\/2024\/08\/dobretici-dron-panorama-30-scaled-1.jpg\",\"contentUrl\":\"https:\/\/zupadobretici.ba\/wp-content\/uploads\/2024\/08\/dobretici-dron-panorama-30-scaled-1.jpg\",\"width\":2560,\"height\":1707},{\"@type\":\"BreadcrumbList\",\"@id\":\"https:\/\/zupadobretici.ba\/sv-mise-u-zupi\/#breadcrumb\",\"itemListElement\":[{\"@type\":\"ListItem\",\"position\":1,\"name\":\"Po\u010detna stranica\",\"item\":\"https:\/\/zupadobretici.ba\/\"},{\"@type\":\"ListItem\",\"position\":2,\"name\":\"SV. MISE U \u017dUPI\"}]},{\"@type\":\"WebSite\",\"@id\":\"https:\/\/zupadobretici.ba\/#website\",\"url\":\"https:\/\/zupadobretici.ba\/\",\"name\":\"Zupa Dobretici\",\"description\":\"\",\"publisher\":{\"@id\":\"https:\/\/zupadobretici.ba\/#organization\"},\"potentialAction\":[{\"@type\":\"SearchAction\",\"target\":{\"@type\":\"EntryPoint\",\"urlTemplate\":\"https:\/\/zupadobretici.ba\/?s={search_term_string}\"},\"query-input\":{\"@type\":\"PropertyValueSpecification\",\"valueRequired\":true,\"valueName\":\"search_term_string\"}}],\"inLanguage\":\"en-US\"},{\"@type\":\"Organization\",\"@id\":\"https:\/\/zupadobretici.ba\/#organization\",\"name\":\"Zupa Dobretici\",\"url\":\"https:\/\/zupadobretici.ba\/\",\"logo\":{\"@type\":\"ImageObject\",\"inLanguage\":\"en-US\",\"@id\":\"https:\/\/zupadobretici.ba\/#\/schema\/logo\/image\/\",\"url\":\"https:\/\/zupadobretici.ba\/wp-content\/uploads\/2022\/05\/textCrni.svg\",\"contentUrl\":\"https:\/\/zupadobretici.ba\/wp-content\/uploads\/2022\/05\/textCrni.svg\",\"width\":155,\"height\":51,\"caption\":\"Zupa Dobretici\"},\"image\":{\"@id\":\"https:\/\/zupadobretici.ba\/#\/schema\/logo\/image\/\"},\"sameAs\":[\"https:\/\/www.facebook.com\/zupadobretici\/\"]},{\"@type\":\"Person\",\"@id\":\"https:\/\/zupadobretici.ba\/#\/schema\/person\/cad3e9b8707369b708dca610cc9c02f6\",\"name\":\"\u017dupa Dobreti\u0107i\",\"image\":{\"@type\":\"ImageObject\",\"inLanguage\":\"en-US\",\"@id\":\"https:\/\/zupadobretici.ba\/#\/schema\/person\/image\/\",\"url\":\"https:\/\/secure.gravatar.com\/avatar\/dd172048efc34fcd3986f45a32720ea94daecce4ca52bd5ce8b569136f494ee5?s=96&d=mm&r=g\",\"contentUrl\":\"https:\/\/secure.gravatar.com\/avatar\/dd172048efc34fcd3986f45a32720ea94daecce4ca52bd5ce8b569136f494ee5?s=96&d=mm&r=g\",\"caption\":\"\u017dupa Dobreti\u0107i\"},\"url\":\"https:\/\/zupadobretici.ba\/en\/author\/zupadobretici\/\"}]}<\/script>\n<!-- \/ Yoast SEO plugin. -->","yoast_head_json":{"title":"SV. MISE U \u017dUPI - Zupa Dobretici","robots":{"index":"index","follow":"follow","max-snippet":"max-snippet:-1","max-image-preview":"max-image-preview:large","max-video-preview":"max-video-preview:-1"},"canonical":"https:\/\/zupadobretici.ba\/en\/sv-mise-u-zupi\/","og_locale":"en_US","og_type":"article","og_title":"SV. MISE U \u017dUPI - Zupa Dobretici","og_description":"18. 8. 2024. sv. misa u 11 sati \u017eupna crkva 24. 8. 2024. sv. misa u 11 sati Janjelo-Gornja Melina. 25. 8. 2024. sv. mise: 9 sati Mila\u0161evci; u 11 sati u \u017eupnoj crkvi. 1. 9. 2024. sv. misa u 11 sati u \u017eupnoj crkvi. 8. 9. 2024. sv. mise: 9 sati Mila\u0161evci; 11 sati","og_url":"https:\/\/zupadobretici.ba\/en\/sv-mise-u-zupi\/","og_site_name":"Zupa Dobretici","article_publisher":"https:\/\/www.facebook.com\/zupadobretici\/","article_published_time":"2024-08-17T18:12:04+00:00","article_modified_time":"2024-08-17T18:23:21+00:00","og_image":[{"width":2560,"height":1707,"url":"https:\/\/zupadobretici.ba\/wp-content\/uploads\/2024\/08\/dobretici-dron-panorama-30-scaled-1.jpg","type":"image\/jpeg"}],"author":"\u017dupa Dobreti\u0107i","twitter_card":"summary_large_image","twitter_misc":{"Written by":"\u017dupa Dobreti\u0107i","Est. reading time":"5 minutes"},"schema":{"@context":"https:\/\/schema.org","@graph":[{"@type":"Article","@id":"https:\/\/zupadobretici.ba\/sv-mise-u-zupi\/#article","isPartOf":{"@id":"https:\/\/zupadobretici.ba\/sv-mise-u-zupi\/"},"author":{"name":"\u017dupa Dobreti\u0107i","@id":"https:\/\/zupadobretici.ba\/#\/schema\/person\/cad3e9b8707369b708dca610cc9c02f6"},"headline":"SV. MISE U \u017dUPI","datePublished":"2024-08-17T18:12:04+00:00","dateModified":"2024-08-17T18:23:21+00:00","mainEntityOfPage":{"@id":"https:\/\/zupadobretici.ba\/sv-mise-u-zupi\/"},"wordCount":509,"commentCount":0,"publisher":{"@id":"https:\/\/zupadobretici.ba\/#organization"},"image":{"@id":"https:\/\/zupadobretici.ba\/sv-mise-u-zupi\/#primaryimage"},"thumbnailUrl":"https:\/\/zupadobretici.ba\/wp-content\/uploads\/2024\/08\/dobretici-dron-panorama-30-scaled-1.jpg","articleSection":["Bez kategorije"],"inLanguage":"en-US","potentialAction":[{"@type":"CommentAction","name":"Comment","target":["https:\/\/zupadobretici.ba\/sv-mise-u-zupi\/#respond"]}]},{"@type":"WebPage","@id":"https:\/\/zupadobretici.ba\/sv-mise-u-zupi\/","url":"https:\/\/zupadobretici.ba\/sv-mise-u-zupi\/","name":"SV. MISE U \u017dUPI - Zupa Dobretici","isPartOf":{"@id":"https:\/\/zupadobretici.ba\/#website"},"primaryImageOfPage":{"@id":"https:\/\/zupadobretici.ba\/sv-mise-u-zupi\/#primaryimage"},"image":{"@id":"https:\/\/zupadobretici.ba\/sv-mise-u-zupi\/#primaryimage"},"thumbnailUrl":"https:\/\/zupadobretici.ba\/wp-content\/uploads\/2024\/08\/dobretici-dron-panorama-30-scaled-1.jpg","datePublished":"2024-08-17T18:12:04+00:00","dateModified":"2024-08-17T18:23:21+00:00","breadcrumb":{"@id":"https:\/\/zupadobretici.ba\/sv-mise-u-zupi\/#breadcrumb"},"inLanguage":"en-US","potentialAction":[{"@type":"ReadAction","target":["https:\/\/zupadobretici.ba\/sv-mise-u-zupi\/"]}]},{"@type":"ImageObject","inLanguage":"en-US","@id":"https:\/\/zupadobretici.ba\/sv-mise-u-zupi\/#primaryimage","url":"https:\/\/zupadobretici.ba\/wp-content\/uploads\/2024\/08\/dobretici-dron-panorama-30-scaled-1.jpg","contentUrl":"https:\/\/zupadobretici.ba\/wp-content\/uploads\/2024\/08\/dobretici-dron-panorama-30-scaled-1.jpg","width":2560,"height":1707},{"@type":"BreadcrumbList","@id":"https:\/\/zupadobretici.ba\/sv-mise-u-zupi\/#breadcrumb","itemListElement":[{"@type":"ListItem","position":1,"name":"Po\u010detna stranica","item":"https:\/\/zupadobretici.ba\/"},{"@type":"ListItem","position":2,"name":"SV. MISE U \u017dUPI"}]},{"@type":"WebSite","@id":"https:\/\/zupadobretici.ba\/#website","url":"https:\/\/zupadobretici.ba\/","name":"Zupa Dobretici","description":"","publisher":{"@id":"https:\/\/zupadobretici.ba\/#organization"},"potentialAction":[{"@type":"SearchAction","target":{"@type":"EntryPoint","urlTemplate":"https:\/\/zupadobretici.ba\/?s={search_term_string}"},"query-input":{"@type":"PropertyValueSpecification","valueRequired":true,"valueName":"search_term_string"}}],"inLanguage":"en-US"},{"@type":"Organization","@id":"https:\/\/zupadobretici.ba\/#organization","name":"Zupa Dobretici","url":"https:\/\/zupadobretici.ba\/","logo":{"@type":"ImageObject","inLanguage":"en-US","@id":"https:\/\/zupadobretici.ba\/#\/schema\/logo\/image\/","url":"https:\/\/zupadobretici.ba\/wp-content\/uploads\/2022\/05\/textCrni.svg","contentUrl":"https:\/\/zupadobretici.ba\/wp-content\/uploads\/2022\/05\/textCrni.svg","width":155,"height":51,"caption":"Zupa Dobretici"},"image":{"@id":"https:\/\/zupadobretici.ba\/#\/schema\/logo\/image\/"},"sameAs":["https:\/\/www.facebook.com\/zupadobretici\/"]},{"@type":"Person","@id":"https:\/\/zupadobretici.ba\/#\/schema\/person\/cad3e9b8707369b708dca610cc9c02f6","name":"\u017dupa Dobreti\u0107i","image":{"@type":"ImageObject","inLanguage":"en-US","@id":"https:\/\/zupadobretici.ba\/#\/schema\/person\/image\/","url":"https:\/\/secure.gravatar.com\/avatar\/dd172048efc34fcd3986f45a32720ea94daecce4ca52bd5ce8b569136f494ee5?s=96&d=mm&r=g","contentUrl":"https:\/\/secure.gravatar.com\/avatar\/dd172048efc34fcd3986f45a32720ea94daecce4ca52bd5ce8b569136f494ee5?s=96&d=mm&r=g","caption":"\u017dupa Dobreti\u0107i"},"url":"https:\/\/zupadobretici.ba\/en\/author\/zupadobretici\/"}]}},"_links":{"self":[{"href":"https:\/\/zupadobretici.ba\/en\/wp-json\/wp\/v2\/posts\/20512","targetHints":{"allow":["GET"]}}],"collection":[{"href":"https:\/\/zupadobretici.ba\/en\/wp-json\/wp\/v2\/posts"}],"about":[{"href":"https:\/\/zupadobretici.ba\/en\/wp-json\/wp\/v2\/types\/post"}],"author":[{"embeddable":true,"href":"https:\/\/zupadobretici.ba\/en\/wp-json\/wp\/v2\/users\/2450"}],"replies":[{"embeddable":true,"href":"https:\/\/zupadobretici.ba\/en\/wp-json\/wp\/v2\/comments?post=20512"}],"version-history":[{"count":2,"href":"https:\/\/zupadobretici.ba\/en\/wp-json\/wp\/v2\/posts\/20512\/revisions"}],"predecessor-version":[{"id":20519,"href":"https:\/\/zupadobretici.ba\/en\/wp-json\/wp\/v2\/posts\/20512\/revisions\/20519"}],"wp:featuredmedia":[{"embeddable":true,"href":"https:\/\/zupadobretici.ba\/en\/wp-json\/wp\/v2\/media\/20516"}],"wp:attachment":[{"href":"https:\/\/zupadobretici.ba\/en\/wp-json\/wp\/v2\/media?parent=20512"}],"wp:term":[{"taxonomy":"category","embeddable":true,"href":"https:\/\/zupadobretici.ba\/en\/wp-json\/wp\/v2\/categories?post=20512"},{"taxonomy":"post_tag","embeddable":true,"href":"https:\/\/zupadobretici.ba\/en\/wp-json\/wp\/v2\/tags?post=20512"}],"curies":[{"name":"wp","href":"https:\/\/api.w.org\/{rel}","templated":true}]}}