{"id":20545,"date":"2025-04-15T16:35:11","date_gmt":"2025-04-15T16:35:11","guid":{"rendered":"https:\/\/zupadobretici.ba\/?p=20545"},"modified":"2025-04-15T16:44:49","modified_gmt":"2025-04-15T16:44:49","slug":"kalendar-sv-misa","status":"publish","type":"post","link":"https:\/\/zupadobretici.ba\/en\/kalendar-sv-misa\/","title":{"rendered":"KALENDAR SV. MISA"},"content":{"rendered":"<figure class=\"wp-block-gallery has-nested-images columns-default is-cropped wp-block-gallery-1 is-layout-flex wp-block-gallery-is-layout-flex\">\n<figure class=\"wp-block-image size-full\"><img loading=\"lazy\" decoding=\"async\" width=\"799\" height=\"576\" data-id=\"20548\" src=\"https:\/\/zupadobretici.ba\/wp-content\/uploads\/2025\/04\/KALENDAR-2025-1.jpg\" alt=\"\" class=\"wp-image-20548\" srcset=\"https:\/\/zupadobretici.ba\/wp-content\/uploads\/2025\/04\/KALENDAR-2025-1.jpg 799w, https:\/\/zupadobretici.ba\/wp-content\/uploads\/2025\/04\/KALENDAR-2025-1-768x554.jpg 768w, https:\/\/zupadobretici.ba\/wp-content\/uploads\/2025\/04\/KALENDAR-2025-1-18x12.jpg 18w\" sizes=\"auto, (max-width: 799px) 100vw, 799px\" \/><\/figure>\n<\/figure>\n\n\n\n<p><a><strong><u>VELIKI TJEDAN I USKRS<\/u><\/strong><\/a><\/p>\n\n\n\n<figure class=\"wp-block-image size-full\"><img loading=\"lazy\" decoding=\"async\" width=\"1000\" height=\"667\" src=\"https:\/\/zupadobretici.ba\/wp-content\/uploads\/2025\/04\/ZNAK-SPASENJA.jpg\" alt=\"\" class=\"wp-image-20549\" srcset=\"https:\/\/zupadobretici.ba\/wp-content\/uploads\/2025\/04\/ZNAK-SPASENJA.jpg 1000w, https:\/\/zupadobretici.ba\/wp-content\/uploads\/2025\/04\/ZNAK-SPASENJA-768x512.jpg 768w, https:\/\/zupadobretici.ba\/wp-content\/uploads\/2025\/04\/ZNAK-SPASENJA-18x12.jpg 18w\" sizes=\"auto, (max-width: 1000px) 100vw, 1000px\" \/><\/figure>\n\n\n\n<ol class=\"wp-block-list\">\n<li>17. 4. 2025. VELIKI \u010cETVRTAK \u2013 SV. MISA VE\u010cE GOSPODNJE U 17 SATI U \u017dUPNOJ CRKVI<\/li>\n\n\n\n<li>18. 4. 2025. VELIKI PETAK \u2013 OBREDI V. PETKA U 17 SATI U \u017dUPNOJ CRKVI<\/li>\n\n\n\n<li>19. 4. 2025. VELIKA SUBOTA \u2013 OBREDI VELIKE SUBOTE I SV. MISA U 20 SATI U \u017dUPNOJ CRKVI<\/li>\n\n\n\n<li>20. 4. 2025. USKRS \u2013 SV. MISE: MILA\u0160EVCI 9 SATI; \u017dUPNA CRKVA 11 SATI<\/li>\n\n\n\n<li>21. 4. 2025. USKRSNI PONEDJELJAK \u2013 SV. MISA U 11 SATI U \u017dUPNOJ CRKVI<\/li>\n<\/ol>\n\n\n\n<p><strong><u>BLAGOSLOV POLJA I MISE PO GROBLJIMA 2025.<\/u><\/strong><\/p>\n\n\n\n<figure class=\"wp-block-gallery has-nested-images columns-default is-cropped wp-block-gallery-2 is-layout-flex wp-block-gallery-is-layout-flex\">\n<figure class=\"wp-block-image size-large\"><img loading=\"lazy\" decoding=\"async\" width=\"1140\" height=\"620\" data-id=\"20550\" src=\"https:\/\/zupadobretici.ba\/wp-content\/uploads\/2025\/04\/blagoslov-polja.jpg\" alt=\"\" class=\"wp-image-20550\" srcset=\"https:\/\/zupadobretici.ba\/wp-content\/uploads\/2025\/04\/blagoslov-polja.jpg 1140w, https:\/\/zupadobretici.ba\/wp-content\/uploads\/2025\/04\/blagoslov-polja-768x418.jpg 768w, https:\/\/zupadobretici.ba\/wp-content\/uploads\/2025\/04\/blagoslov-polja-18x10.jpg 18w\" sizes=\"auto, (max-width: 1140px) 100vw, 1140px\" \/><\/figure>\n<\/figure>\n\n\n\n<ol class=\"wp-block-list\">\n<li>25. 4. 2025. KOZIJA GLAVA (u 11 sati \u2013 sv. Marko)<\/li>\n\n\n\n<li>26. 4.2025. PRISIKA (u 11 sati)<\/li>\n\n\n\n<li>3. 5. 2025. VITOVLJE (u 11 sati)<\/li>\n\n\n\n<li>4. 5. 2025. MELINA (u 10 sati); ZUBOVI\u0106I (u 13 sati)<\/li>\n\n\n\n<li>10. 5. 2025. KRI\u010cI\u0106I (u 11 sati)<\/li>\n\n\n\n<li>11. 5. 2025. BRNJI\u0106KO GROBLJE (u 11sati)<\/li>\n\n\n\n<li>29. 5. 2025. KULA (u 11 sati -Uza\u0161a\u0161\u0107e)<\/li>\n\n\n\n<li>8. 6. 2025. ZAPE\u0106E (u 11 sati \u2013 Duhovi); MILA\u0160EVCI (u 15 sati)<\/li>\n\n\n\n<li>9. 6. 2025. ORA\u0160AC (u 11 sati \u2013 duhovski ponedjeljak)<\/li>\n\n\n\n<li>15. 6. 2025. VUKOVI\u0106I (u 11 sati \u2013 Presveto Trojstvo)<\/li>\n<\/ol>\n\n\n\n<p><strong><u>POBO\u017dNOST SV ANTI PADOVANSKOM<\/u><\/strong><\/p>\n\n\n\n<figure class=\"wp-block-gallery has-nested-images columns-default is-cropped wp-block-gallery-3 is-layout-flex wp-block-gallery-is-layout-flex\">\n<figure class=\"wp-block-image size-full\"><img loading=\"lazy\" decoding=\"async\" width=\"489\" height=\"857\" data-id=\"20557\" src=\"https:\/\/zupadobretici.ba\/wp-content\/uploads\/2025\/04\/Mali-Isus-i-Sv.-Ante-1.jpg\" alt=\"\" class=\"wp-image-20557\" srcset=\"https:\/\/zupadobretici.ba\/wp-content\/uploads\/2025\/04\/Mali-Isus-i-Sv.-Ante-1.jpg 489w, https:\/\/zupadobretici.ba\/wp-content\/uploads\/2025\/04\/Mali-Isus-i-Sv.-Ante-1-7x12.jpg 7w\" sizes=\"auto, (max-width: 489px) 100vw, 489px\" \/><\/figure>\n<\/figure>\n\n\n\n<ol class=\"wp-block-list\">\n<li>22. 4. 2025. 6. utorak pobo\u017enosti 13 utoraka sv. Anti i sv. misa u 8 sati \u017e. crkva<\/li>\n\n\n\n<li>29. 4. 2025. 7. utorak pobo\u017enosti 13 utoraka sv. Anti i sv. misa u 8 sati \u017e. crkva<\/li>\n\n\n\n<li>6. 5. 2025. 8. utorak pobo\u017enosti 13 utoraka sv. Anti i sv. misa u 8 sati \u017e. crkva<\/li>\n\n\n\n<li>13. 5. 2025. 9. utorak pobo\u017enosti 13 utoraka sv. Anti i sv. misa u 8 sati \u017e. crkva<\/li>\n\n\n\n<li>20. 5. 2025. 10. utorak pobo\u017enosti 13 utoraka sv. Anti i sv. misa u 8 sati \u017e. crkva<\/li>\n\n\n\n<li>27. 5. 2025. 11. utorak pobo\u017enosti 13 utoraka sv. Anti i sv. misa u 8 sati \u017e. crkva<\/li>\n\n\n\n<li>3. 6. 2025. 12. utorak pobo\u017enosti 13 utoraka sv. Anti i sv. misa u 8 sati \u017e. crkva<\/li>\n\n\n\n<li>10. 6. 2025. 13. utorak pobo\u017enosti 13 utoraka sv. Anti i sv. misa u 8 sati \u017e. crkva; <strong><u>prvi dan trodnevnice <\/u><\/strong>sv. Anti sv. misa u \u017e. crkvi u 18 sati<\/li>\n\n\n\n<li>11. 6. 2025. <strong><u>drugi dan trodnevnice<\/u><\/strong> sv. Anti sv. misa u \u017e. crkvi u 18 sati<\/li>\n\n\n\n<li>12. 6. 2025. <strong><u>tre\u0107i dan trodnevnice<\/u><\/strong> sv. Anti \u2013 uo\u010dnica sv. misa ispred \u017e. crkve u 18 sati<\/li>\n<\/ol>\n\n\n\n<p><strong><u>MLADI UTORCI \u2013 MISE KOD JOZINA GROBA<\/u><\/strong><strong><u><\/u><\/strong><\/p>\n\n\n\n<figure class=\"wp-block-image size-full\"><img loading=\"lazy\" decoding=\"async\" width=\"1080\" height=\"694\" src=\"https:\/\/zupadobretici.ba\/wp-content\/uploads\/2025\/04\/JOZO-FURUNDZIJA.jpg\" alt=\"\" class=\"wp-image-20551\" srcset=\"https:\/\/zupadobretici.ba\/wp-content\/uploads\/2025\/04\/JOZO-FURUNDZIJA.jpg 1080w, https:\/\/zupadobretici.ba\/wp-content\/uploads\/2025\/04\/JOZO-FURUNDZIJA-768x494.jpg 768w, https:\/\/zupadobretici.ba\/wp-content\/uploads\/2025\/04\/JOZO-FURUNDZIJA-18x12.jpg 18w\" sizes=\"auto, (max-width: 1080px) 100vw, 1080px\" \/><\/figure>\n\n\n\n<ol class=\"wp-block-list\">\n<li>29. 4. 2025. MLADI UTORAK \u2013 sv. misa u 11 sati kod groba Joze Furund\u017eije na ora\u0161kom groblju<\/li>\n\n\n\n<li>27. 5. 2025. MLADI UTORAK \u2013 sv. misa u 11 sati kod groba Joze Furund\u017eije na ora\u0161kom groblju<\/li>\n\n\n\n<li>1. 7. 2025.&nbsp; &nbsp;MLADI UTORAK \u2013 sv. misa u 11 sati kod groba Joze Furund\u017eije na ora\u0161kom groblju<\/li>\n\n\n\n<li>29. 7. 2025. MLADI UTORAK \u2013 sv. misa u 11 sati kod groba Joze Furund\u017eije na ora\u0161kom groblju<\/li>\n<\/ol>\n\n\n\n<p><\/p>\n\n\n\n<p><strong><u>SVI VA\u017dNI DATUMI DO KOLOVOZA 2025.<\/u><\/strong><\/p>\n\n\n\n<ol class=\"wp-block-list\">\n<li>17. 4. 2025. VELIKI \u010cETVRTAK \u2013 SV. MISA VE\u010cE GOSPODNJE U 17 SATI U \u017dUPNOJ CRKVI<\/li>\n\n\n\n<li>18. 4. 2025. VELIKI PETAK \u2013 OBREDI V. PETKA U 17 SATI U \u017dUPNOJ CRKVI<\/li>\n\n\n\n<li>19. 4. 2025. VELIKA SUBOTA \u2013 OBREDI VELIKE SUBOTE I SV. MISA U 20 SATI U \u017dUPNOJ CRKVI<\/li>\n\n\n\n<li>20. 4. 2025. USKRS \u2013 SV. MISE: MILA\u0160EVCI 9 SATI; \u017dUPNA CRKVA 11 SATI<\/li>\n\n\n\n<li>21. 4. 2025. USKRSNI PONEDJELJAK \u2013 SV. MISA U 11 SATI U \u017dUPNOJ CRKVI<\/li>\n\n\n\n<li>22. 4. 2025. 6. <a>utorak pobo\u017enosti 13 utoraka sv. Anti i sv. misa u 8 sati \u017e. crkva<\/a><\/li>\n\n\n\n<li>25. 4. 2025. KOZIJA GLAVA (u 11 sati \u2013 sv. Marko)<\/li>\n\n\n\n<li>26. 4.2025. PRISIKA (u 11 sati)<\/li>\n\n\n\n<li>27. 4. 2025. PRVA SVETA PRI\u010cEST-\u017eupna crkva (u 11 sati)<\/li>\n\n\n\n<li>29. 4. 2025. 7. utorak pobo\u017enosti 13 utoraka sv. Anti i sv. misa u 8 sati \u017e. crkva; MLADI UTORAK \u2013 sv. misa u 11 sati kod groba Joze Furund\u017eije na ora\u0161kom groblju<\/li>\n\n\n\n<li>3. 5. 2025. VITOVLJE (u 11 sati)<\/li>\n\n\n\n<li>4. 5. 2025. MELINA (u 10 sati); ZUBOVI\u0106I (u 13 sati)<\/li>\n\n\n\n<li>6. 5. 2025. 8. utorak pobo\u017enosti 13 utoraka sv. Anti i sv. misa u 8 sati \u017e. crkva<\/li>\n\n\n\n<li>8. 5. 2025.&nbsp;&nbsp; PROKOSAC-MELINA ( sv. misa u 11 sati)<\/li>\n\n\n\n<li>10. 5. 2025. KRI\u010cI\u0106I (u 11 sati)<\/li>\n\n\n\n<li>11. 5. 2025. BRNJI\u0106KO GROBLJE (u 11sati)<\/li>\n\n\n\n<li>13. 5. 2025. 9. utorak pobo\u017enosti 13 utoraka sv. Anti i sv. misa u 8 sati \u017e. crkva<\/li>\n\n\n\n<li>18. 5. 2025. <a>sv. mise: 9 sati Mila\u0161evci; 11 sati \u017eupna crkva<\/a><\/li>\n\n\n\n<li>20. 5. 2025. <a>10. utorak pobo\u017enosti 13 utoraka sv. Anti i sv. misa u 8 sati \u017e. crkva<\/a><\/li>\n\n\n\n<li>24. 5. 2025. KRIZMA-\u017eupna crkva u 11 sati<\/li>\n\n\n\n<li>25. 5. 2025. sv. misa u 11 sati \u017eupna crkva<\/li>\n\n\n\n<li>27. 5. 2025. 11. utorak pobo\u017enosti 13 utoraka sv. Anti i sv. misa u 8 sati \u017e. crkva; MLADI UTORAK \u2013 sv. misa u 11 sati kod groba Joze Furund\u017eije na ora\u0161kom groblju<\/li>\n\n\n\n<li>29. 5. 2025. KULA (u 11 sati -Uza\u0161a\u0161\u0107e)<\/li>\n\n\n\n<li>1. 6. 2025. <a>sv. mise: 9 sati Mila\u0161evci; 11 sati \u017e. crkva, klanjanje i blagoslov sa Presvetim oltarskim sakramentom<\/a><\/li>\n\n\n\n<li>3. 6. 2025. <a>12. utorak pobo\u017enosti 13 utoraka sv. Anti i sv. misa u 8 sati \u017e. crkva<\/a><\/li>\n\n\n\n<li>7. 6. 2025. PROKOSAC-MELINA ( sv. misa u 11 sati)<\/li>\n\n\n\n<li>8. 6. 2025. ZAPE\u0106E (u 11 sati \u2013 Duhovi); MILA\u0160EVCI (u 15 sati)<\/li>\n\n\n\n<li>9. 6. 2025. ORA\u0160AC (u 11 sati \u2013 duhovski ponedjeljak)<\/li>\n\n\n\n<li>10. 6. 2025. 13. utorak pobo\u017enosti 13 utoraka sv. Anti i sv. misa u 8 sati \u017e. crkva; prvi dan trodnevnice sv. Anti sv. misa u \u017e. crkvi u 18 sati<\/li>\n\n\n\n<li>11. 6. 2025. drugi dan trodnevnice sv. Anti sv. misa u \u017e. crkvi u 18 sati<\/li>\n\n\n\n<li>12. 6. 2025. tre\u0107i dan trodnevnice sv. Anti \u2013 uo\u010dnica sv. misa ispred \u017e. crkve u 18 sati<\/li>\n\n\n\n<li>13. 6. 2025. SV. ANTO PADOVANSKI-\u017e. crkva u 9 i 11 sati sv. mise<\/li>\n\n\n\n<li>15. 6. 2025. VUKOVI\u0106I (u 11 sati \u2013 Presveto Trojstvo)<\/li>\n\n\n\n<li>19. 6. 2025. PRESVETO TIJELO I KRV KRISTOVA-\u017dUPNA CRKVA (u 11 sati)<\/li>\n\n\n\n<li>22. 6. 2025. sv. mise: 9 sati Mila\u0161evci; 11 sati \u017eupna crkva<\/li>\n\n\n\n<li>27. 6. 2025. D. VUKOVI\u0106I-Presveto Srce Isusovo-u 11 sati sv. misa<\/li>\n\n\n\n<li>28. 6. 2025. . SUVI VRH-u 11 sati sv. misa<\/li>\n\n\n\n<li>29. 6. 2025 Mlada nedjelja &#8211; sv. misa11 sati \u017e. crkva, klanjanje i blagoslov sa Presvetim oltarskim sakramentom<\/li>\n\n\n\n<li>30. 6. 2025. VUKOVI\u0106I-u 11 sati sv. misa za branitelje<\/li>\n\n\n\n<li>1. 7. 2025. MLADI UTORAK \u2013 sv. misa u 11 sati kod groba Joze Furund\u017eije na ora\u0161kom groblju<\/li>\n\n\n\n<li>6. 7. 2025. sv. mise: 9 sati Mila\u0161evci; 11 sati \u017eupna crkva<\/li>\n\n\n\n<li>8. 7. 2025.&nbsp;&nbsp; PROKOSAC-MELINA (u 11 sati)<\/li>\n\n\n\n<li>13. 7. 2025. sv. misa u 11 sati \u017e. crkva<\/li>\n\n\n\n<li>20. 7. 2025. sv. mise: 9 sati Mila\u0161evci; 11 sati \u017eupna crkva<\/li>\n\n\n\n<li>25. 7. 2025. UO\u010cNICA <a>SV. JOAKIM I ANA-Mila\u0161evci u 18 sati sv. misa<\/a><\/li>\n\n\n\n<li>26. 7. 2025. SV. JOAKIM I ANA-Mila\u0161evci u 11 sati sv. misa<\/li>\n\n\n\n<li>27. 7. 2025. sv. mise: 9 sati Mila\u0161evci; 11 sati \u017e. crkva, klanjanje i blagoslov sa Presvetim oltarskim sakramentom<\/li>\n\n\n\n<li>29. 7. 2025. MLADI UTORAK \u2013 sv. misa u 11 sati kod groba Joze Furund\u017eije na ora\u0161kom groblju<\/li>\n<\/ol>\n\n\n\n<p>NB: SVAKIM RADNIM DANOM MISA U \u017dUPNOJ CRKVI U 8 SATI UJUTRO.<\/p>\n\n\n\n<p><\/p>","protected":false},"excerpt":{"rendered":"<p>VELIKI TJEDAN I USKRS BLAGOSLOV POLJA I MISE PO GROBLJIMA 2025. POBO\u017dNOST SV ANTI PADOVANSKOM MLADI UTORCI \u2013 MISE KOD JOZINA GROBA SVI VA\u017dNI DATUMI DO KOLOVOZA 2025. NB: SVAKIM RADNIM DANOM MISA U \u017dUPNOJ CRKVI U 8 SATI UJUTRO.<\/p>","protected":false},"author":2450,"featured_media":20548,"comment_status":"open","ping_status":"open","sticky":false,"template":"","format":"standard","meta":{"footnotes":""},"categories":[1],"tags":[],"class_list":["post-20545","post","type-post","status-publish","format-standard","has-post-thumbnail","hentry","category-bezkategorije"],"yoast_head":"<!-- This site is optimized with the Yoast SEO plugin v25.9 - https:\/\/yoast.com\/wordpress\/plugins\/seo\/ -->\n<title>KALENDAR SV. MISA - Zupa Dobretici<\/title>\n<meta name=\"robots\" content=\"index, follow, max-snippet:-1, max-image-preview:large, max-video-preview:-1\" \/>\n<link rel=\"canonical\" href=\"https:\/\/zupadobretici.ba\/en\/kalendar-sv-misa\/\" \/>\n<meta property=\"og:locale\" content=\"en_US\" \/>\n<meta property=\"og:type\" content=\"article\" \/>\n<meta property=\"og:title\" content=\"KALENDAR SV. MISA - Zupa Dobretici\" \/>\n<meta property=\"og:description\" content=\"VELIKI TJEDAN I USKRS BLAGOSLOV POLJA I MISE PO GROBLJIMA 2025. POBO\u017dNOST SV ANTI PADOVANSKOM MLADI UTORCI \u2013 MISE KOD JOZINA GROBA SVI VA\u017dNI DATUMI DO KOLOVOZA 2025. NB: SVAKIM RADNIM DANOM MISA U \u017dUPNOJ CRKVI U 8 SATI UJUTRO.\" \/>\n<meta property=\"og:url\" content=\"https:\/\/zupadobretici.ba\/en\/kalendar-sv-misa\/\" \/>\n<meta property=\"og:site_name\" content=\"Zupa Dobretici\" \/>\n<meta property=\"article:publisher\" content=\"https:\/\/www.facebook.com\/zupadobretici\/\" \/>\n<meta property=\"article:published_time\" content=\"2025-04-15T16:35:11+00:00\" \/>\n<meta property=\"article:modified_time\" content=\"2025-04-15T16:44:49+00:00\" \/>\n<meta property=\"og:image\" content=\"https:\/\/zupadobretici.ba\/wp-content\/uploads\/2025\/04\/KALENDAR-2025-1.jpg\" \/>\n\t<meta property=\"og:image:width\" content=\"799\" \/>\n\t<meta property=\"og:image:height\" content=\"576\" \/>\n\t<meta property=\"og:image:type\" content=\"image\/jpeg\" \/>\n<meta name=\"author\" content=\"\u017dupa Dobreti\u0107i\" \/>\n<meta name=\"twitter:card\" content=\"summary_large_image\" \/>\n<meta name=\"twitter:label1\" content=\"Written by\" \/>\n\t<meta name=\"twitter:data1\" content=\"\u017dupa Dobreti\u0107i\" \/>\n\t<meta name=\"twitter:label2\" content=\"Est. reading time\" \/>\n\t<meta name=\"twitter:data2\" content=\"8 minutes\" \/>\n<script type=\"application\/ld+json\" class=\"yoast-schema-graph\">{\"@context\":\"https:\/\/schema.org\",\"@graph\":[{\"@type\":\"Article\",\"@id\":\"https:\/\/zupadobretici.ba\/kalendar-sv-misa\/#article\",\"isPartOf\":{\"@id\":\"https:\/\/zupadobretici.ba\/kalendar-sv-misa\/\"},\"author\":{\"name\":\"\u017dupa Dobreti\u0107i\",\"@id\":\"https:\/\/zupadobretici.ba\/#\/schema\/person\/cad3e9b8707369b708dca610cc9c02f6\"},\"headline\":\"KALENDAR SV. MISA\",\"datePublished\":\"2025-04-15T16:35:11+00:00\",\"dateModified\":\"2025-04-15T16:44:49+00:00\",\"mainEntityOfPage\":{\"@id\":\"https:\/\/zupadobretici.ba\/kalendar-sv-misa\/\"},\"wordCount\":818,\"commentCount\":0,\"publisher\":{\"@id\":\"https:\/\/zupadobretici.ba\/#organization\"},\"image\":{\"@id\":\"https:\/\/zupadobretici.ba\/kalendar-sv-misa\/#primaryimage\"},\"thumbnailUrl\":\"https:\/\/zupadobretici.ba\/wp-content\/uploads\/2025\/04\/KALENDAR-2025-1.jpg\",\"articleSection\":[\"Bez kategorije\"],\"inLanguage\":\"en-US\",\"potentialAction\":[{\"@type\":\"CommentAction\",\"name\":\"Comment\",\"target\":[\"https:\/\/zupadobretici.ba\/kalendar-sv-misa\/#respond\"]}]},{\"@type\":\"WebPage\",\"@id\":\"https:\/\/zupadobretici.ba\/kalendar-sv-misa\/\",\"url\":\"https:\/\/zupadobretici.ba\/kalendar-sv-misa\/\",\"name\":\"KALENDAR SV. MISA - Zupa Dobretici\",\"isPartOf\":{\"@id\":\"https:\/\/zupadobretici.ba\/#website\"},\"primaryImageOfPage\":{\"@id\":\"https:\/\/zupadobretici.ba\/kalendar-sv-misa\/#primaryimage\"},\"image\":{\"@id\":\"https:\/\/zupadobretici.ba\/kalendar-sv-misa\/#primaryimage\"},\"thumbnailUrl\":\"https:\/\/zupadobretici.ba\/wp-content\/uploads\/2025\/04\/KALENDAR-2025-1.jpg\",\"datePublished\":\"2025-04-15T16:35:11+00:00\",\"dateModified\":\"2025-04-15T16:44:49+00:00\",\"breadcrumb\":{\"@id\":\"https:\/\/zupadobretici.ba\/kalendar-sv-misa\/#breadcrumb\"},\"inLanguage\":\"en-US\",\"potentialAction\":[{\"@type\":\"ReadAction\",\"target\":[\"https:\/\/zupadobretici.ba\/kalendar-sv-misa\/\"]}]},{\"@type\":\"ImageObject\",\"inLanguage\":\"en-US\",\"@id\":\"https:\/\/zupadobretici.ba\/kalendar-sv-misa\/#primaryimage\",\"url\":\"https:\/\/zupadobretici.ba\/wp-content\/uploads\/2025\/04\/KALENDAR-2025-1.jpg\",\"contentUrl\":\"https:\/\/zupadobretici.ba\/wp-content\/uploads\/2025\/04\/KALENDAR-2025-1.jpg\",\"width\":799,\"height\":576},{\"@type\":\"BreadcrumbList\",\"@id\":\"https:\/\/zupadobretici.ba\/kalendar-sv-misa\/#breadcrumb\",\"itemListElement\":[{\"@type\":\"ListItem\",\"position\":1,\"name\":\"Po\u010detna stranica\",\"item\":\"https:\/\/zupadobretici.ba\/\"},{\"@type\":\"ListItem\",\"position\":2,\"name\":\"KALENDAR SV. MISA\"}]},{\"@type\":\"WebSite\",\"@id\":\"https:\/\/zupadobretici.ba\/#website\",\"url\":\"https:\/\/zupadobretici.ba\/\",\"name\":\"Zupa Dobretici\",\"description\":\"\",\"publisher\":{\"@id\":\"https:\/\/zupadobretici.ba\/#organization\"},\"potentialAction\":[{\"@type\":\"SearchAction\",\"target\":{\"@type\":\"EntryPoint\",\"urlTemplate\":\"https:\/\/zupadobretici.ba\/?s={search_term_string}\"},\"query-input\":{\"@type\":\"PropertyValueSpecification\",\"valueRequired\":true,\"valueName\":\"search_term_string\"}}],\"inLanguage\":\"en-US\"},{\"@type\":\"Organization\",\"@id\":\"https:\/\/zupadobretici.ba\/#organization\",\"name\":\"Zupa Dobretici\",\"url\":\"https:\/\/zupadobretici.ba\/\",\"logo\":{\"@type\":\"ImageObject\",\"inLanguage\":\"en-US\",\"@id\":\"https:\/\/zupadobretici.ba\/#\/schema\/logo\/image\/\",\"url\":\"https:\/\/zupadobretici.ba\/wp-content\/uploads\/2022\/05\/textCrni.svg\",\"contentUrl\":\"https:\/\/zupadobretici.ba\/wp-content\/uploads\/2022\/05\/textCrni.svg\",\"width\":155,\"height\":51,\"caption\":\"Zupa Dobretici\"},\"image\":{\"@id\":\"https:\/\/zupadobretici.ba\/#\/schema\/logo\/image\/\"},\"sameAs\":[\"https:\/\/www.facebook.com\/zupadobretici\/\"]},{\"@type\":\"Person\",\"@id\":\"https:\/\/zupadobretici.ba\/#\/schema\/person\/cad3e9b8707369b708dca610cc9c02f6\",\"name\":\"\u017dupa Dobreti\u0107i\",\"image\":{\"@type\":\"ImageObject\",\"inLanguage\":\"en-US\",\"@id\":\"https:\/\/zupadobretici.ba\/#\/schema\/person\/image\/\",\"url\":\"https:\/\/secure.gravatar.com\/avatar\/dd172048efc34fcd3986f45a32720ea94daecce4ca52bd5ce8b569136f494ee5?s=96&d=mm&r=g\",\"contentUrl\":\"https:\/\/secure.gravatar.com\/avatar\/dd172048efc34fcd3986f45a32720ea94daecce4ca52bd5ce8b569136f494ee5?s=96&d=mm&r=g\",\"caption\":\"\u017dupa Dobreti\u0107i\"},\"url\":\"https:\/\/zupadobretici.ba\/en\/author\/zupadobretici\/\"}]}<\/script>\n<!-- \/ Yoast SEO plugin. -->","yoast_head_json":{"title":"KALENDAR SV. MISA - Zupa Dobretici","robots":{"index":"index","follow":"follow","max-snippet":"max-snippet:-1","max-image-preview":"max-image-preview:large","max-video-preview":"max-video-preview:-1"},"canonical":"https:\/\/zupadobretici.ba\/en\/kalendar-sv-misa\/","og_locale":"en_US","og_type":"article","og_title":"KALENDAR SV. MISA - Zupa Dobretici","og_description":"VELIKI TJEDAN I USKRS BLAGOSLOV POLJA I MISE PO GROBLJIMA 2025. POBO\u017dNOST SV ANTI PADOVANSKOM MLADI UTORCI \u2013 MISE KOD JOZINA GROBA SVI VA\u017dNI DATUMI DO KOLOVOZA 2025. NB: SVAKIM RADNIM DANOM MISA U \u017dUPNOJ CRKVI U 8 SATI UJUTRO.","og_url":"https:\/\/zupadobretici.ba\/en\/kalendar-sv-misa\/","og_site_name":"Zupa Dobretici","article_publisher":"https:\/\/www.facebook.com\/zupadobretici\/","article_published_time":"2025-04-15T16:35:11+00:00","article_modified_time":"2025-04-15T16:44:49+00:00","og_image":[{"width":799,"height":576,"url":"https:\/\/zupadobretici.ba\/wp-content\/uploads\/2025\/04\/KALENDAR-2025-1.jpg","type":"image\/jpeg"}],"author":"\u017dupa Dobreti\u0107i","twitter_card":"summary_large_image","twitter_misc":{"Written by":"\u017dupa Dobreti\u0107i","Est. reading time":"8 minutes"},"schema":{"@context":"https:\/\/schema.org","@graph":[{"@type":"Article","@id":"https:\/\/zupadobretici.ba\/kalendar-sv-misa\/#article","isPartOf":{"@id":"https:\/\/zupadobretici.ba\/kalendar-sv-misa\/"},"author":{"name":"\u017dupa Dobreti\u0107i","@id":"https:\/\/zupadobretici.ba\/#\/schema\/person\/cad3e9b8707369b708dca610cc9c02f6"},"headline":"KALENDAR SV. MISA","datePublished":"2025-04-15T16:35:11+00:00","dateModified":"2025-04-15T16:44:49+00:00","mainEntityOfPage":{"@id":"https:\/\/zupadobretici.ba\/kalendar-sv-misa\/"},"wordCount":818,"commentCount":0,"publisher":{"@id":"https:\/\/zupadobretici.ba\/#organization"},"image":{"@id":"https:\/\/zupadobretici.ba\/kalendar-sv-misa\/#primaryimage"},"thumbnailUrl":"https:\/\/zupadobretici.ba\/wp-content\/uploads\/2025\/04\/KALENDAR-2025-1.jpg","articleSection":["Bez kategorije"],"inLanguage":"en-US","potentialAction":[{"@type":"CommentAction","name":"Comment","target":["https:\/\/zupadobretici.ba\/kalendar-sv-misa\/#respond"]}]},{"@type":"WebPage","@id":"https:\/\/zupadobretici.ba\/kalendar-sv-misa\/","url":"https:\/\/zupadobretici.ba\/kalendar-sv-misa\/","name":"KALENDAR SV. MISA - Zupa Dobretici","isPartOf":{"@id":"https:\/\/zupadobretici.ba\/#website"},"primaryImageOfPage":{"@id":"https:\/\/zupadobretici.ba\/kalendar-sv-misa\/#primaryimage"},"image":{"@id":"https:\/\/zupadobretici.ba\/kalendar-sv-misa\/#primaryimage"},"thumbnailUrl":"https:\/\/zupadobretici.ba\/wp-content\/uploads\/2025\/04\/KALENDAR-2025-1.jpg","datePublished":"2025-04-15T16:35:11+00:00","dateModified":"2025-04-15T16:44:49+00:00","breadcrumb":{"@id":"https:\/\/zupadobretici.ba\/kalendar-sv-misa\/#breadcrumb"},"inLanguage":"en-US","potentialAction":[{"@type":"ReadAction","target":["https:\/\/zupadobretici.ba\/kalendar-sv-misa\/"]}]},{"@type":"ImageObject","inLanguage":"en-US","@id":"https:\/\/zupadobretici.ba\/kalendar-sv-misa\/#primaryimage","url":"https:\/\/zupadobretici.ba\/wp-content\/uploads\/2025\/04\/KALENDAR-2025-1.jpg","contentUrl":"https:\/\/zupadobretici.ba\/wp-content\/uploads\/2025\/04\/KALENDAR-2025-1.jpg","width":799,"height":576},{"@type":"BreadcrumbList","@id":"https:\/\/zupadobretici.ba\/kalendar-sv-misa\/#breadcrumb","itemListElement":[{"@type":"ListItem","position":1,"name":"Po\u010detna stranica","item":"https:\/\/zupadobretici.ba\/"},{"@type":"ListItem","position":2,"name":"KALENDAR SV. MISA"}]},{"@type":"WebSite","@id":"https:\/\/zupadobretici.ba\/#website","url":"https:\/\/zupadobretici.ba\/","name":"Zupa Dobretici","description":"","publisher":{"@id":"https:\/\/zupadobretici.ba\/#organization"},"potentialAction":[{"@type":"SearchAction","target":{"@type":"EntryPoint","urlTemplate":"https:\/\/zupadobretici.ba\/?s={search_term_string}"},"query-input":{"@type":"PropertyValueSpecification","valueRequired":true,"valueName":"search_term_string"}}],"inLanguage":"en-US"},{"@type":"Organization","@id":"https:\/\/zupadobretici.ba\/#organization","name":"Zupa Dobretici","url":"https:\/\/zupadobretici.ba\/","logo":{"@type":"ImageObject","inLanguage":"en-US","@id":"https:\/\/zupadobretici.ba\/#\/schema\/logo\/image\/","url":"https:\/\/zupadobretici.ba\/wp-content\/uploads\/2022\/05\/textCrni.svg","contentUrl":"https:\/\/zupadobretici.ba\/wp-content\/uploads\/2022\/05\/textCrni.svg","width":155,"height":51,"caption":"Zupa Dobretici"},"image":{"@id":"https:\/\/zupadobretici.ba\/#\/schema\/logo\/image\/"},"sameAs":["https:\/\/www.facebook.com\/zupadobretici\/"]},{"@type":"Person","@id":"https:\/\/zupadobretici.ba\/#\/schema\/person\/cad3e9b8707369b708dca610cc9c02f6","name":"\u017dupa Dobreti\u0107i","image":{"@type":"ImageObject","inLanguage":"en-US","@id":"https:\/\/zupadobretici.ba\/#\/schema\/person\/image\/","url":"https:\/\/secure.gravatar.com\/avatar\/dd172048efc34fcd3986f45a32720ea94daecce4ca52bd5ce8b569136f494ee5?s=96&d=mm&r=g","contentUrl":"https:\/\/secure.gravatar.com\/avatar\/dd172048efc34fcd3986f45a32720ea94daecce4ca52bd5ce8b569136f494ee5?s=96&d=mm&r=g","caption":"\u017dupa Dobreti\u0107i"},"url":"https:\/\/zupadobretici.ba\/en\/author\/zupadobretici\/"}]}},"_links":{"self":[{"href":"https:\/\/zupadobretici.ba\/en\/wp-json\/wp\/v2\/posts\/20545","targetHints":{"allow":["GET"]}}],"collection":[{"href":"https:\/\/zupadobretici.ba\/en\/wp-json\/wp\/v2\/posts"}],"about":[{"href":"https:\/\/zupadobretici.ba\/en\/wp-json\/wp\/v2\/types\/post"}],"author":[{"embeddable":true,"href":"https:\/\/zupadobretici.ba\/en\/wp-json\/wp\/v2\/users\/2450"}],"replies":[{"embeddable":true,"href":"https:\/\/zupadobretici.ba\/en\/wp-json\/wp\/v2\/comments?post=20545"}],"version-history":[{"count":3,"href":"https:\/\/zupadobretici.ba\/en\/wp-json\/wp\/v2\/posts\/20545\/revisions"}],"predecessor-version":[{"id":20558,"href":"https:\/\/zupadobretici.ba\/en\/wp-json\/wp\/v2\/posts\/20545\/revisions\/20558"}],"wp:featuredmedia":[{"embeddable":true,"href":"https:\/\/zupadobretici.ba\/en\/wp-json\/wp\/v2\/media\/20548"}],"wp:attachment":[{"href":"https:\/\/zupadobretici.ba\/en\/wp-json\/wp\/v2\/media?parent=20545"}],"wp:term":[{"taxonomy":"category","embeddable":true,"href":"https:\/\/zupadobretici.ba\/en\/wp-json\/wp\/v2\/categories?post=20545"},{"taxonomy":"post_tag","embeddable":true,"href":"https:\/\/zupadobretici.ba\/en\/wp-json\/wp\/v2\/tags?post=20545"}],"curies":[{"name":"wp","href":"https:\/\/api.w.org\/{rel}","templated":true}]}}